{"id":85811,"date":"2026-09-04T12:04:46","date_gmt":"2026-09-04T12:04:46","guid":{"rendered":"https:\/\/pipsc.ca\/?p=85811"},"modified":"2026-09-04T12:05:17","modified_gmt":"2026-09-04T12:05:17","slug":"annonce-des-resultats-des-elections-du-groupe-acia-sa-5","status":"publish","type":"post","link":"https:\/\/pipsc.ca\/fr\/annonce-des-resultats-des-elections-du-groupe-acia-sa-5\/","title":{"rendered":"Annonce des r\u00e9sultats des \u00e9lections du groupe ACIA-S&amp;A"},"content":{"rendered":"<div class=\"post-intro-box\">\n  <div class=\"intro-content\">\n    \n  <\/div>\n  <div class=\"published-part text-sm text-gray-500 flex flex-wrap gap-2 items-center\">\n    <span>Publi\u00e9<\/span>\n    <time class=\"dt-published\" datetime=\"2026-09-04T12:04:46+00:00\">\n      septembre 4, 2026\n    <\/time>\n    <span> | <\/span>\n    <span>Derni\u00e8re mise \u00e0 jour<\/span>\n    <span class=\"text-gray-700 font-medium\">\n      il y a 3 heures\n    <\/span>\n  <\/div>\n<\/div>\n\n\n<div class=\"container\">\n<p>Le comit\u00e9 des \u00e9lections du groupe ACIA-S&amp;A a v\u00e9rifi\u00e9 les r\u00e9sultats des \u00e9lections de 2026. Les candidat\u00b7e\u00b7s suivants ont \u00e9t\u00e9 acclam\u00e9s pour leur poste r\u00e9gionale sur l\u2019ex\u00e9cutif ACIA-S&amp;A et entrent en fonction imm\u00e9diatement :<\/p>\n<\/div>\n\n<div class=\"container\">\n<ul class=\"wp-block-list\"><div class=\"container\">\n<li>Hugo Frechette \u2013 Repr\u00e9sentatant du Qu\u00e9bec<\/li>\n<\/div>\n\n<div class=\"container\">\n<li>Jie Qiu \u2013 Repr\u00e9sentatant des Prairies\/T.-N.-O.<\/li>\n<\/div><\/ul>\n<\/div>\n\n<div class=\"container\">\n<p>Aucun candidat ne s&#8217;est pr\u00e9sent\u00e9 pour le poste de repr\u00e9sentant de la Colombie-Britannique\/Yukon. L&#8217;ex\u00e9cutif l&#8217;ACIA-S&amp;A d\u00e9terminera les prochaines \u00e9tapes concernant ce poste.<\/p>\n<\/div>\n\n<div class=\"container\">\n<p>F\u00e9licitations aux membres nouvellement \u00e9lus de l\u2019ex\u00e9cutif et un gros merci \u00e0 tous les candidat\u00b7e\u00b7s. Notre groupe d\u00e9pend des contributions volontaires de ses membres pour faire avancer leurs int\u00e9r\u00eats.<\/p>\n<\/div>\n\n<div class=\"container\">\n<p>Si vous avez des questions concernant l\u2019\u00e9lection, \u00e9crivez-moi \u00e0 <a href=\"mailto:tdsouza@pipsc.ca\">tdsouza@pipsc.ca<\/a>.<\/p>\n<\/div>\n\n<div class=\"container\">\n<p>En toute solidarit\u00e9,<\/p>\n<\/div>\n\n<div class=\"container\">\n<p>Terri D\u2019Souza<\/p>\n<\/div>\n\n<div class=\"container\">\n<p>Pr\u00e9sidente du Comit\u00e9 des \u00e9lections du groupe ACIA-S&amp;A<\/p>\n<\/div>","protected":false},"excerpt":{"rendered":"<p>Le comit\u00e9 des \u00e9lections du groupe ACIA-S&amp;A a v\u00e9rifi\u00e9 les r\u00e9sultats des \u00e9lections de 2026. Les candidat\u00b7e\u00b7s suivants ont \u00e9t\u00e9 acclam\u00e9s pour leur poste r\u00e9gionale sur l\u2019ex\u00e9cutif ACIA-S&amp;A et entrent en fonction imm\u00e9diatement : Aucun candidat ne s&#8217;est pr\u00e9sent\u00e9 pour le poste de repr\u00e9sentant de la Colombie-Britannique\/Yukon. L&#8217;ex\u00e9cutif l&#8217;ACIA-S&amp;A d\u00e9terminera les prochaines \u00e9tapes concernant ce &hellip;<\/p>\n","protected":false},"author":10000056650,"featured_media":0,"comment_status":"closed","ping_status":"closed","sticky":false,"template":"","format":"standard","meta":{"_acf_changed":false,"footnotes":""},"categories":[2528],"group":[182],"region":[],"employer":[],"chapter":[],"class_list":["post-85811","post","type-post","status-publish","format-standard","hentry","category-news","group-cfia-scientific-and-analytical-group-en"],"acf":[],"_links":{"self":[{"href":"https:\/\/pipsc.ca\/fr\/wp-json\/wp\/v2\/posts\/85811","targetHints":{"allow":["GET"]}}],"collection":[{"href":"https:\/\/pipsc.ca\/fr\/wp-json\/wp\/v2\/posts"}],"about":[{"href":"https:\/\/pipsc.ca\/fr\/wp-json\/wp\/v2\/types\/post"}],"author":[{"embeddable":true,"href":"https:\/\/pipsc.ca\/fr\/wp-json\/wp\/v2\/users\/10000056650"}],"replies":[{"embeddable":true,"href":"https:\/\/pipsc.ca\/fr\/wp-json\/wp\/v2\/comments?post=85811"}],"version-history":[{"count":6,"href":"https:\/\/pipsc.ca\/fr\/wp-json\/wp\/v2\/posts\/85811\/revisions"}],"predecessor-version":[{"id":85817,"href":"https:\/\/pipsc.ca\/fr\/wp-json\/wp\/v2\/posts\/85811\/revisions\/85817"}],"wp:attachment":[{"href":"https:\/\/pipsc.ca\/fr\/wp-json\/wp\/v2\/media?parent=85811"}],"wp:term":[{"taxonomy":"category","embeddable":true,"href":"https:\/\/pipsc.ca\/fr\/wp-json\/wp\/v2\/categories?post=85811"},{"taxonomy":"group","embeddable":true,"href":"https:\/\/pipsc.ca\/fr\/wp-json\/wp\/v2\/group?post=85811"},{"taxonomy":"region","embeddable":true,"href":"https:\/\/pipsc.ca\/fr\/wp-json\/wp\/v2\/region?post=85811"},{"taxonomy":"employer","embeddable":true,"href":"https:\/\/pipsc.ca\/fr\/wp-json\/wp\/v2\/employer?post=85811"},{"taxonomy":"chapter","embeddable":true,"href":"https:\/\/pipsc.ca\/fr\/wp-json\/wp\/v2\/chapter?post=85811"}],"curies":[{"name":"wp","href":"https:\/\/api.w.org\/{rel}","templated":true}]}}