{"id":85775,"date":"2026-09-03T17:13:11","date_gmt":"2026-09-03T17:13:11","guid":{"rendered":"https:\/\/pipsc.ca\/?p=85775"},"modified":"2026-09-03T17:13:11","modified_gmt":"2026-09-03T17:13:11","slug":"reunion-de-lexecutif-de-la-section-du-nord-du-nouveau-brunswick-28-mai-2026","status":"publish","type":"post","link":"https:\/\/pipsc.ca\/fr\/reunion-de-lexecutif-de-la-section-du-nord-du-nouveau-brunswick-28-mai-2026\/","title":{"rendered":"R\u00e9union de l\u2019ex\u00e9cutif de la section du Nord du Nouveau-Brunswick &#8211; 28 mai 2026"},"content":{"rendered":"<div class=\"post-intro-box\">\n  <div class=\"intro-content\">\n    \n  <\/div>\n  <div class=\"published-part text-sm text-gray-500 flex flex-wrap gap-2 items-center\">\n    <span>Publi\u00e9<\/span>\n    <time class=\"dt-published\" datetime=\"2026-09-03T17:13:11+00:00\">\n      septembre 3, 2026\n    <\/time>\n    <span> | <\/span>\n    <span>Derni\u00e8re mise \u00e0 jour<\/span>\n    <span class=\"text-gray-700 font-medium\">\n      il y a 15 heures\n    <\/span>\n  <\/div>\n<\/div>\n\n\n<div class=\"container\">\n<p><strong>Date\u00a0: <\/strong>28\u00a0mai 2026<br><strong>Lieu\u00a0:<\/strong> Pizza Delight, \u00e0 New Castle. Miramichi (N.-B.)<br><strong>Heure<\/strong>\u00a0: 1900-1945<\/p>\n<\/div>\n\n<div class=\"container\">\n<p><strong>Pr\u00e9sences\u00a0: <\/strong><br>Gilles Comeau<br>R\u00e9mi Parent<br>Laura Kidd<br>Sara Hallihan<br>Pascale Robichaud Lebreton<br>Jolene Underhill<br>Amy Hamilton<br>Jody Knowles<\/p>\n<\/div>\n\n<div class=\"container\">\n<p><strong>Ouverture de la s\u00e9ance&nbsp;<\/strong>: 1900<\/p>\n<\/div>\n\n<div class=\"container\">\n<p><strong>Discussion anim\u00e9e par le pr\u00e9sident de la section, Gilles Comeau.<\/strong><\/p>\n<\/div>\n\n<div class=\"container\">\n<p><strong>AGA<\/strong><br>Le sous-groupe de Bathurst tiendra son assembl\u00e9e g\u00e9n\u00e9rale annuelle (AGA) le 8\u00a0octobre; R\u00e9mi s\u2019occupera de l\u2019organisation. La section tiendra son AGA le soir m\u00eame, \u00e0 la suite de celle du sous-groupe. Le directeur r\u00e9gional, Mark Bellefleur, et le pr\u00e9sident du groupe TI, Robert Scott, seront invit\u00e9s \u00e0 participer \u00e0 cet \u00e9v\u00e9nement. Une \u00e9lection aura lieu pour les postes de vice-pr\u00e9sident et de secr\u00e9taire de la section. Le sous-groupe prendra en charge les frais li\u00e9s au lieu de la r\u00e9union et la section paiera les frais de repas.\u00a0<\/p>\n<\/div>\n\n<div class=\"container\">\n<p><strong>R\u00e9union des pr\u00e9sidents<\/strong><br>La r\u00e9union des pr\u00e9sidents devait avoir lieu avant le Conseil r\u00e9gional de l\u2019Atlantique. Toutefois, un rassemblement \u00e9tait organis\u00e9 \u00e0 Halifax et les pr\u00e9sidents y ont particip\u00e9 pour manifester leur soutien.\u00a0<\/p>\n<\/div>\n\n<div class=\"container\">\n<p>La question de la reconnaissance accrue des d\u00e9l\u00e9gu\u00e9s syndicaux, \u00e9voqu\u00e9e pr\u00e9c\u00e9demment par Mike Pauley, n\u2019a toujours pas \u00e9t\u00e9 abord\u00e9e \u00e0 ce jour. La section du Nord doit encore d\u00e9cider si nous allons y participer.&nbsp;&nbsp;<\/p>\n<\/div>\n\n<div class=\"container\">\n<p><strong>Conseil r\u00e9gional de l\u2019Atlantique<\/strong><br>Cette ann\u00e9e, 105\u00a0membres ont particip\u00e9 au Conseil r\u00e9gional de l\u2019Atlantique (CRA). Pascale pr\u00e9sente un bref aper\u00e7u des \u00e9v\u00e9nements qui se sont d\u00e9roul\u00e9s au cours de ces deux jours du CRA.<\/p>\n<\/div>\n\n<div class=\"container\">\n<p>Le courriel d\u2019appel aux d\u00e9l\u00e9gu\u00e9s et d\u2019inscription au CRA a \u00e9t\u00e9 envoy\u00e9 \u00e0 la derni\u00e8re minute, un jour f\u00e9ri\u00e9 (Vendredi saint). Gilles ne sait pas vraiment pourquoi cela s\u2019est produit.&nbsp;<\/p>\n<\/div>\n\n<div class=\"container\">\n<p><strong>Discussion ouverte<\/strong><br>La section du Nord compte actuellement 195\u00a0membres, le nombre le plus \u00e9lev\u00e9 jamais enregistr\u00e9.\u00a0<\/p>\n<\/div>\n\n<div class=\"container\">\n<p>Un ch\u00e8que d\u2019un montant de XXX $ a \u00e9t\u00e9 remis \u00e0 Gilles afin de couvrir le co\u00fbt des cartes-cadeaux achet\u00e9es pour l\u2019AGA.<\/p>\n<\/div>\n\n<div class=\"container\">\n<p><strong>Lev\u00e9e de la s\u00e9ance&nbsp;:<\/strong> 1945<\/p>\n<\/div>\n\n<div class=\"container\">\n<p><strong>Prochaine r\u00e9union&nbsp;:<\/strong> Fin ao\u00fbt, date \u00e0 confirmer&nbsp;<\/p>\n<\/div>","protected":false},"excerpt":{"rendered":"<p>Date\u00a0: 28\u00a0mai 2026Lieu\u00a0: Pizza Delight, \u00e0 New Castle. Miramichi (N.-B.)Heure\u00a0: 1900-1945 Pr\u00e9sences\u00a0: Gilles ComeauR\u00e9mi ParentLaura KiddSara HallihanPascale Robichaud LebretonJolene UnderhillAmy HamiltonJody Knowles Ouverture de la s\u00e9ance&nbsp;: 1900 Discussion anim\u00e9e par le pr\u00e9sident de la section, Gilles Comeau. AGALe sous-groupe de Bathurst tiendra son assembl\u00e9e g\u00e9n\u00e9rale annuelle (AGA) le 8\u00a0octobre; R\u00e9mi s\u2019occupera de l\u2019organisation. La section &hellip;<\/p>\n","protected":false},"author":10000060612,"featured_media":0,"comment_status":"closed","ping_status":"closed","sticky":false,"template":"","format":"standard","meta":{"_acf_changed":false,"footnotes":""},"categories":[3],"group":[],"region":[1560],"employer":[],"chapter":[],"class_list":["post-85775","post","type-post","status-publish","format-standard","hentry","category-non-categorise","region-atl-nord-du-nouveau-brunswick-fr"],"acf":[],"_links":{"self":[{"href":"https:\/\/pipsc.ca\/fr\/wp-json\/wp\/v2\/posts\/85775","targetHints":{"allow":["GET"]}}],"collection":[{"href":"https:\/\/pipsc.ca\/fr\/wp-json\/wp\/v2\/posts"}],"about":[{"href":"https:\/\/pipsc.ca\/fr\/wp-json\/wp\/v2\/types\/post"}],"author":[{"embeddable":true,"href":"https:\/\/pipsc.ca\/fr\/wp-json\/wp\/v2\/users\/10000060612"}],"replies":[{"embeddable":true,"href":"https:\/\/pipsc.ca\/fr\/wp-json\/wp\/v2\/comments?post=85775"}],"version-history":[{"count":4,"href":"https:\/\/pipsc.ca\/fr\/wp-json\/wp\/v2\/posts\/85775\/revisions"}],"predecessor-version":[{"id":85779,"href":"https:\/\/pipsc.ca\/fr\/wp-json\/wp\/v2\/posts\/85775\/revisions\/85779"}],"wp:attachment":[{"href":"https:\/\/pipsc.ca\/fr\/wp-json\/wp\/v2\/media?parent=85775"}],"wp:term":[{"taxonomy":"category","embeddable":true,"href":"https:\/\/pipsc.ca\/fr\/wp-json\/wp\/v2\/categories?post=85775"},{"taxonomy":"group","embeddable":true,"href":"https:\/\/pipsc.ca\/fr\/wp-json\/wp\/v2\/group?post=85775"},{"taxonomy":"region","embeddable":true,"href":"https:\/\/pipsc.ca\/fr\/wp-json\/wp\/v2\/region?post=85775"},{"taxonomy":"employer","embeddable":true,"href":"https:\/\/pipsc.ca\/fr\/wp-json\/wp\/v2\/employer?post=85775"},{"taxonomy":"chapter","embeddable":true,"href":"https:\/\/pipsc.ca\/fr\/wp-json\/wp\/v2\/chapter?post=85775"}],"curies":[{"name":"wp","href":"https:\/\/api.w.org\/{rel}","templated":true}]}}