{"id":85694,"date":"2026-09-02T18:34:03","date_gmt":"2026-09-02T18:34:03","guid":{"rendered":"https:\/\/pipsc.ca\/?p=85694"},"modified":"2026-09-02T18:34:03","modified_gmt":"2026-09-02T18:34:03","slug":"faites-vous-entendre-joignez-vous-a-lexecutif-du-sous-groupe-vfs-de-summerside-de-lipfpc","status":"publish","type":"post","link":"https:\/\/pipsc.ca\/fr\/faites-vous-entendre-joignez-vous-a-lexecutif-du-sous-groupe-vfs-de-summerside-de-lipfpc\/","title":{"rendered":"Faites-vous entendre\u00a0: joignez-vous \u00e0 l\u2019ex\u00e9cutif du sous-groupe\u00a0VFS de Summerside de l\u2019IPFPC"},"content":{"rendered":"<div class=\"post-intro-box\">\n  <div class=\"intro-content\">\n    \n  <\/div>\n  <div class=\"published-part text-sm text-gray-500 flex flex-wrap gap-2 items-center\">\n    <span>Publi\u00e9<\/span>\n    <time class=\"dt-published\" datetime=\"2026-09-02T18:34:03+00:00\">\n      septembre 2, 2026\n    <\/time>\n    <span> | <\/span>\n    <span>Derni\u00e8re mise \u00e0 jour<\/span>\n    <span class=\"text-gray-700 font-medium\">\n      il y a 10 heures\n    <\/span>\n  <\/div>\n<\/div>\n\n\n<div class=\"container\">\n<p>Cherchez-vous une occasion de faire bouger les choses, de repr\u00e9senter vos coll\u00e8gues et d\u2019avoir davantage votre mot \u00e0 dire dans les d\u00e9cisions qui concernent les membres du groupe&nbsp;VFS?<\/p>\n<\/div>\n\n<div class=\"container\">\n<p><br>L\u2019<strong>ex\u00e9cutif du sous-groupe&nbsp;VFS de Summerside de l\u2019IPFPC<\/strong> recherche des membres qui souhaitent s\u2019investir davantage au sein de leur syndicat et ainsi contribuer \u00e0 fa\u00e7onner l\u2019avenir de leur section locale.<\/p>\n<\/div>\n\n<div class=\"container\">\n<p>Si\u00e9ger \u00e0 l\u2019ex\u00e9cutif d\u2019un sous-groupe est une exp\u00e9rience enrichissante qui permet&nbsp;:<\/p>\n<\/div>\n\n<div class=\"container\">\n<p>* d\u2019avoir son mot \u00e0 dire dans les discussions et les d\u00e9cisions qui concernent les membres du groupe\u00a0VFS;<br>* de repr\u00e9senter ses coll\u00e8gues et de faire valoir les pr\u00e9occupations, les id\u00e9es et les priorit\u00e9s de sa section locale;<br>* de participer aux \u00e9v\u00e9nements, aux r\u00e9unions et aux congr\u00e8s de son syndicat, notamment aux occasions d\u2019\u00e9changer avec les dirigeant\u00b7es de l\u2019Institut et du groupe\u00a0VFS provenant de tout le Canada;<br>* d\u2019\u00e9largir son r\u00e9seau professionnel et de d\u00e9velopper ses comp\u00e9tences en mati\u00e8re de leadership, de communication et d\u2019organisation;<br>* de rester au courant des priorit\u00e9s en mati\u00e8re de n\u00e9gociation, des enjeux li\u00e9s au lieu de travail et des initiatives syndicales importantes;<br>* d\u2019avoir une influence sur les d\u00e9cisions qui touchent non seulement les membres de sa section locale, mais aussi les membres du groupe\u00a0VFS de tout le pays.<\/p>\n<\/div>\n\n<div class=\"container\">\n<p>Que vous ayez d\u00e9j\u00e0 une exp\u00e9rience syndicale ou que vous souhaitiez simplement en savoir plus et vous investir, nous vous encourageons \u00e0 envisager de vous joindre \u00e0 l\u2019ex\u00e9cutif. Les nouveaux points de vue et les id\u00e9es novatrices sont toujours les bienvenus.<\/p>\n<\/div>\n\n<div class=\"container\">\n<p>Nous accepterons les candidatures et les propositions de nomination aux postes de l\u2019ex\u00e9cutif jusqu\u2019\u00e0 notre assembl\u00e9e g\u00e9n\u00e9rale annuelle (AGA), inclusivement.<\/p>\n<\/div>\n\n<div class=\"container\">\n<p><strong>Renseignements sur l\u2019AGA<\/strong><\/p>\n<\/div>\n\n<div class=\"container\">\n<p>Voici la date, l\u2019heure et le lieu de l\u2019AGA du sous-groupe&nbsp;VFS de Summerside&nbsp;:<\/p>\n<\/div>\n\n<div class=\"container\">\n<p>17&nbsp;septembre 2026<br>18&nbsp;h<br>Sherbrooke Community Centre<br>497 All Weather Highway (RTE&nbsp;2)<br>Summerside (\u00ce.-P.-\u00c9.)<\/p>\n<\/div>\n\n<div class=\"container\">\n<p>Pour de plus amples renseignements sur l\u2019assembl\u00e9e, notamment sur les modalit\u00e9s d\u2019inscription, veuillez consulter notre page Web.<br><br>Si vous avez des questions concernant les postes disponibles \u00e0 l\u2019ex\u00e9cutif ou l\u2019AGA, veuillez communiquer avec Leslie Hill \u00e0 l\u2019adresse <a href=\"mailto:lhill@pipsc.ca\">lhill@pipsc.ca<\/a>. La force de notre syndicat r\u00e9side dans l\u2019engagement de ses membres. Si vous avez d\u00e9j\u00e0 envisag\u00e9 de vous investir, voici une excellente occasion de contribuer \u00e0 fa\u00e7onner l\u2019avenir de votre section locale et de faire en sorte que les membres de Summerside continuent d\u2019avoir une voix forte au sein du groupe&nbsp;VFS et de l\u2019Institut.<\/p>\n<\/div>\n\n<div class=\"container\">\n<p><br>J\u2019ai h\u00e2te de vous voir lors de l\u2019AGA et j\u2019esp\u00e8re que vous envisagerez de poser votre candidature.<br><\/p>\n<\/div>\n\n<div class=\"container\">\n<p>En toute solidarit\u00e9,<\/p>\n<\/div>\n\n<div class=\"container\">\n<p><strong>Leslie Hill<\/strong><br>Au nom de l\u2019ex\u00e9cutif du sous-groupe&nbsp;VFS de Summerside de l\u2019IPFPC<br><a href=\"mailto:lhill@pipsc.ca\">lhill@pipsc.ca<\/a><\/p>\n<\/div>","protected":false},"excerpt":{"rendered":"<p>Cherchez-vous une occasion de faire bouger les choses, de repr\u00e9senter vos coll\u00e8gues et d\u2019avoir davantage votre mot \u00e0 dire dans les d\u00e9cisions qui concernent les membres du groupe&nbsp;VFS? L\u2019ex\u00e9cutif du sous-groupe&nbsp;VFS de Summerside de l\u2019IPFPC recherche des membres qui souhaitent s\u2019investir davantage au sein de leur syndicat et ainsi contribuer \u00e0 fa\u00e7onner l\u2019avenir de leur &hellip;<\/p>\n","protected":false},"author":10000060612,"featured_media":0,"comment_status":"closed","ping_status":"closed","sticky":false,"template":"","format":"standard","meta":{"_acf_changed":false,"footnotes":""},"categories":[1],"group":[712],"region":[],"employer":[],"chapter":[],"class_list":["post-85694","post","type-post","status-publish","format-standard","hentry","category-uncategorized","group-afs-summerside-pei-en"],"acf":[],"_links":{"self":[{"href":"https:\/\/pipsc.ca\/fr\/wp-json\/wp\/v2\/posts\/85694","targetHints":{"allow":["GET"]}}],"collection":[{"href":"https:\/\/pipsc.ca\/fr\/wp-json\/wp\/v2\/posts"}],"about":[{"href":"https:\/\/pipsc.ca\/fr\/wp-json\/wp\/v2\/types\/post"}],"author":[{"embeddable":true,"href":"https:\/\/pipsc.ca\/fr\/wp-json\/wp\/v2\/users\/10000060612"}],"replies":[{"embeddable":true,"href":"https:\/\/pipsc.ca\/fr\/wp-json\/wp\/v2\/comments?post=85694"}],"version-history":[{"count":2,"href":"https:\/\/pipsc.ca\/fr\/wp-json\/wp\/v2\/posts\/85694\/revisions"}],"predecessor-version":[{"id":85696,"href":"https:\/\/pipsc.ca\/fr\/wp-json\/wp\/v2\/posts\/85694\/revisions\/85696"}],"wp:attachment":[{"href":"https:\/\/pipsc.ca\/fr\/wp-json\/wp\/v2\/media?parent=85694"}],"wp:term":[{"taxonomy":"category","embeddable":true,"href":"https:\/\/pipsc.ca\/fr\/wp-json\/wp\/v2\/categories?post=85694"},{"taxonomy":"group","embeddable":true,"href":"https:\/\/pipsc.ca\/fr\/wp-json\/wp\/v2\/group?post=85694"},{"taxonomy":"region","embeddable":true,"href":"https:\/\/pipsc.ca\/fr\/wp-json\/wp\/v2\/region?post=85694"},{"taxonomy":"employer","embeddable":true,"href":"https:\/\/pipsc.ca\/fr\/wp-json\/wp\/v2\/employer?post=85694"},{"taxonomy":"chapter","embeddable":true,"href":"https:\/\/pipsc.ca\/fr\/wp-json\/wp\/v2\/chapter?post=85694"}],"curies":[{"name":"wp","href":"https:\/\/api.w.org\/{rel}","templated":true}]}}