{"id":85602,"date":"2026-09-01T16:24:19","date_gmt":"2026-09-01T16:24:19","guid":{"rendered":"https:\/\/pipsc.ca\/?p=85602"},"modified":"2026-09-01T16:25:22","modified_gmt":"2026-09-01T16:25:22","slug":"assemblee-generale-annuelle-aga-du-sous-groupe-ti-de-toronto-28-septembre-2026","status":"publish","type":"post","link":"https:\/\/pipsc.ca\/fr\/assemblee-generale-annuelle-aga-du-sous-groupe-ti-de-toronto-28-septembre-2026\/","title":{"rendered":"Assembl\u00e9e g\u00e9n\u00e9rale annuelle (AGA) du sous-groupe TI de Toronto &#8211; 28\u00a0septembre 2026"},"content":{"rendered":"<div class=\"post-intro-box\">\n  <div class=\"intro-content\">\n    \n  <\/div>\n  <div class=\"published-part text-sm text-gray-500 flex flex-wrap gap-2 items-center\">\n    <span>Publi\u00e9<\/span>\n    <time class=\"dt-published\" datetime=\"2026-09-01T16:24:19+00:00\">\n      septembre 1, 2026\n    <\/time>\n    <span> | <\/span>\n    <span>Derni\u00e8re mise \u00e0 jour<\/span>\n    <span class=\"text-gray-700 font-medium\">\n      il y a 11 heures\n    <\/span>\n  <\/div>\n<\/div>\n\n\n<div class=\"container\">\n<p>Bonjour,<\/p>\n<\/div>\n\n<div class=\"container\">\n<p>Nous vous invitons cordialement \u00e0 l\u2019AGA du sous-groupe TI de Toronto, qui aura lieu le 28&nbsp;septembre 2026 en modalit\u00e9 hybride (en personne et virtuellement).<\/p>\n<\/div>\n\n<div class=\"container\">\n<p>Assistez-y virtuellement ou venez en personne, \u00e0 The Granite Brewery (245, avenue Eglinton Est, Toronto, Ontario, M4P 3B7), pour d\u00e9guster un buffet et \u00e9couter nos conf\u00e9rencier\u00b7\u00e8res invit\u00e9\u00b7es.<\/p>\n<\/div>\n\n<div class=\"container\">\n<p>Nous n\u00e9gocions activement cette ann\u00e9e et le pr\u00e9sident du groupe TI, Rob Scott, ainsi que la vice-pr\u00e9sidente du groupe TI, Yvonne Snaddon-Bilbija, seront pr\u00e9sent\u00b7es pour faire le point, r\u00e9pondre \u00e0 vos questions et recevoir vos encouragements. De plus, Stany Buday, pr\u00e9sident du Comit\u00e9 national d\u2019organisation, sera pr\u00e9sent pour faire part des prochains projets visant \u00e0 mobiliser les membres.<\/p>\n<\/div>\n\n<div class=\"container\">\n<p>Les mises en candidature aux \u00e9lections seront accept\u00e9es par \u00e9crit ou sur place \u00e0 l\u2019AGA. C\u2019est VOTRE syndicat, NOTRE syndicat. Si vous voulez changer la fa\u00e7on dont le syndicat m\u00e8ne ses affaires, saisissez cette occasion de si\u00e9ger \u00e0 l\u2019ex\u00e9cutif du sous-groupe TI. Si vous souhaitez poser votre candidature, veuillez envoyer un courriel \u00e0 <a href=\"mailto:it-ti-toronto@pipsc.ca\">it-ti-toronto@pipsc.ca<\/a>.<\/p>\n<\/div>\n\n<div class=\"container\">\n<p>Pour obtenir votre billet gratuit, inscrivez-vous \u00e0 l\u2019URL suivante&nbsp;:&nbsp;<\/p>\n<\/div>\n\n<div class=\"container\">\n<p><a href=\"https:\/\/www.eventbrite.ca\/e\/toronto-it-subgroup-agm-2026-aga-2026-du-sous-groupe-ti-de-toronto-tickets-1995051999235\" target=\"_blank\" rel=\"noopener\">https:\/\/www.eventbrite.ca\/e\/toronto-it-subgroup-agm-2026-aga-2026-du-sous-groupe-ti-de-toronto-tickets-1995051999235<\/a><\/p>\n<\/div>\n\n<div class=\"container\">\n<p>Ordre du jour<\/p>\n<\/div>\n\n<div class=\"container\">\n<p>17&nbsp;h&nbsp;: Rencontre sociale<\/p>\n<\/div>\n\n<div class=\"container\">\n<p>17&nbsp;h&nbsp;30&nbsp;: Souper (buffet)<\/p>\n<\/div>\n\n<div class=\"container\">\n<p>18&nbsp;h&nbsp;: Mot de bienvenue<\/p>\n<\/div>\n\n<div class=\"container\">\n<p>Adoption de l\u2019ordre du jour<\/p>\n<\/div>\n\n<div class=\"container\">\n<p>Approbation du proc\u00e8s-verbal de l\u2019AGA pr\u00e9c\u00e9dente (<a href=\"https:\/\/pipsc.ca\/fr\/78830\/\">https:\/\/pipsc.ca\/it-toronto-subgroup-agm-sept-24-2025<\/a>)<\/p>\n<\/div>\n\n<div class=\"container\">\n<p>Rapport de la pr\u00e9sidence<\/p>\n<\/div>\n\n<div class=\"container\">\n<p>Rapport de tr\u00e9sorerie<\/p>\n<\/div>\n\n<div class=\"container\">\n<p>Conf\u00e9rencier\u00b7\u00e8res&nbsp;:&nbsp;&nbsp;&nbsp;&nbsp;&nbsp; &nbsp;&nbsp;&nbsp;&nbsp;&nbsp;<\/p>\n<\/div>\n\n<div class=\"container\">\n<p>Sean O\u2019Reilly, pr\u00e9sident de l\u2019IPFPC<\/p>\n<\/div>\n\n<div class=\"container\">\n<p>Rob Scott, pr\u00e9sident du groupe&nbsp;TI<\/p>\n<\/div>\n\n<div class=\"container\">\n<p>Yvonne Snaddon, vice-pr\u00e9sidente du groupe TI<\/p>\n<\/div>\n\n<div class=\"container\">\n<p>Stany Buday, pr\u00e9sident du Comit\u00e9 national d\u2019organisation, IPFPC<\/p>\n<\/div>\n\n<div class=\"container\">\n<p>Motions sur les <em>Statuts<\/em> &#8211; D\u00e9bat et vote<\/p>\n<\/div>\n\n<div class=\"container\">\n<p>\u00c9lection des membres de l\u2019ex\u00e9cutif du sous-groupe&nbsp;: Un poste de pr\u00e9sident\u00b7e (mandat de deux ans)<\/p>\n<\/div>\n\n<div class=\"container\">\n<p>Six postes de membres actifs (mandats d\u2019un ou de deux ans)<\/p>\n<\/div>\n\n<div class=\"container\">\n<p>P\u00e9riode g\u00e9n\u00e9rale de questions<\/p>\n<\/div>\n\n<div class=\"container\">\n<p>Tirage au sort des prix de pr\u00e9sence<\/p>\n<\/div>\n\n<div class=\"container\">\n<p>Lev\u00e9e de la s\u00e9ance<\/p>\n<\/div>\n\n<div class=\"container\">\n<p>Merci, au nom de l\u2019ex\u00e9cutif du sous-groupe&nbsp;TI de Toronto. \u00c0 bient\u00f4t!<\/p>\n<\/div>\n\n<div class=\"container\">\n<p>Si vous devez annuler votre participation, nous vous demandons respectueusement de nous en informer avant le jeudi&nbsp;24&nbsp;septembre \u00e0 midi, afin que nos cotisations syndicales ne soient pas d\u00e9pens\u00e9es pour des si\u00e8ges et des assiettes vides.<\/p>\n<\/div>\n\n<div class=\"container\">\n<p>Merci de nous aider \u00e0 g\u00e9rer nos fonds durement gagn\u00e9s.<\/p>\n<\/div>\n\n<div class=\"container\">\n<p>Cordialement,<\/p>\n<\/div>\n\n<div class=\"container\">\n<p>Karla Yelland<\/p>\n<\/div>\n\n<div class=\"container\">\n<p>Pr\u00e9sidente du sous-groupe TI de Toronto, IPFPC<\/p>\n<\/div>\n\n<div class=\"container\">\n<p>Au nom de l\u2019ex\u00e9cutif du sous-groupe TI de Toronto<\/p>\n<\/div>","protected":false},"excerpt":{"rendered":"<p>Bonjour, Nous vous invitons cordialement \u00e0 l\u2019AGA du sous-groupe TI de Toronto, qui aura lieu le 28&nbsp;septembre 2026 en modalit\u00e9 hybride (en personne et virtuellement). Assistez-y virtuellement ou venez en personne, \u00e0 The Granite Brewery (245, avenue Eglinton Est, Toronto, Ontario, M4P 3B7), pour d\u00e9guster un buffet et \u00e9couter nos conf\u00e9rencier\u00b7\u00e8res invit\u00e9\u00b7es. Nous n\u00e9gocions activement &hellip;<\/p>\n","protected":false},"author":10000119695,"featured_media":0,"comment_status":"closed","ping_status":"closed","sticky":false,"template":"","format":"standard","meta":{"_acf_changed":false,"footnotes":""},"categories":[3],"group":[1079],"region":[517],"employer":[],"chapter":[],"class_list":["post-85602","post","type-post","status-publish","format-standard","hentry","category-non-categorise","group-cs-toronto-on-fr","region-region-de-lontario-et-nunavut-fr"],"acf":[],"_links":{"self":[{"href":"https:\/\/pipsc.ca\/fr\/wp-json\/wp\/v2\/posts\/85602","targetHints":{"allow":["GET"]}}],"collection":[{"href":"https:\/\/pipsc.ca\/fr\/wp-json\/wp\/v2\/posts"}],"about":[{"href":"https:\/\/pipsc.ca\/fr\/wp-json\/wp\/v2\/types\/post"}],"author":[{"embeddable":true,"href":"https:\/\/pipsc.ca\/fr\/wp-json\/wp\/v2\/users\/10000119695"}],"replies":[{"embeddable":true,"href":"https:\/\/pipsc.ca\/fr\/wp-json\/wp\/v2\/comments?post=85602"}],"version-history":[{"count":3,"href":"https:\/\/pipsc.ca\/fr\/wp-json\/wp\/v2\/posts\/85602\/revisions"}],"predecessor-version":[{"id":85605,"href":"https:\/\/pipsc.ca\/fr\/wp-json\/wp\/v2\/posts\/85602\/revisions\/85605"}],"wp:attachment":[{"href":"https:\/\/pipsc.ca\/fr\/wp-json\/wp\/v2\/media?parent=85602"}],"wp:term":[{"taxonomy":"category","embeddable":true,"href":"https:\/\/pipsc.ca\/fr\/wp-json\/wp\/v2\/categories?post=85602"},{"taxonomy":"group","embeddable":true,"href":"https:\/\/pipsc.ca\/fr\/wp-json\/wp\/v2\/group?post=85602"},{"taxonomy":"region","embeddable":true,"href":"https:\/\/pipsc.ca\/fr\/wp-json\/wp\/v2\/region?post=85602"},{"taxonomy":"employer","embeddable":true,"href":"https:\/\/pipsc.ca\/fr\/wp-json\/wp\/v2\/employer?post=85602"},{"taxonomy":"chapter","embeddable":true,"href":"https:\/\/pipsc.ca\/fr\/wp-json\/wp\/v2\/chapter?post=85602"}],"curies":[{"name":"wp","href":"https:\/\/api.w.org\/{rel}","templated":true}]}}