{"id":85590,"date":"2026-09-01T15:11:01","date_gmt":"2026-09-01T15:11:01","guid":{"rendered":"https:\/\/pipsc.ca\/?p=85590"},"modified":"2026-09-01T15:13:35","modified_gmt":"2026-09-01T15:13:35","slug":"joignez-vous-a-un-comite-permanent-de-la-federation-du-travail-de-la-c-b","status":"publish","type":"post","link":"https:\/\/pipsc.ca\/fr\/joignez-vous-a-un-comite-permanent-de-la-federation-du-travail-de-la-c-b\/","title":{"rendered":"Joignez-vous \u00e0 un comit\u00e9 permanent de la F\u00e9d\u00e9ration du travail de la C.-B"},"content":{"rendered":"<div class=\"post-intro-box\">\n  <div class=\"intro-content\">\n    \n  <\/div>\n  <div class=\"published-part text-sm text-gray-500 flex flex-wrap gap-2 items-center\">\n    <span>Publi\u00e9<\/span>\n    <time class=\"dt-published\" datetime=\"2026-09-01T15:11:01+00:00\">\n      septembre 1, 2026\n    <\/time>\n    <span> | <\/span>\n    <span>Derni\u00e8re mise \u00e0 jour<\/span>\n    <span class=\"text-gray-700 font-medium\">\n      il y a 2 heures\n    <\/span>\n  <\/div>\n<\/div>\n\n\n<div class=\"container\">\n<p>La R\u00e9gion de la Colombie-Britannique et du Yukon de l&#8217;IPFPC invite les membres \u00e0 poser leur candidature pour si\u00e9ger aux comit\u00e9s permanents de la F\u00e9d\u00e9ration du travail de la C.-B. (BCFED).&nbsp;<\/p>\n<\/div>\n\n<div class=\"container\">\n<p>Souhaitez-vous faire entendre votre voix, acqu\u00e9rir de nouvelles connaissances et repr\u00e9senter l&#8217;IPFPC dans l&#8217;un de ces domaines ?<\/p>\n<\/div>\n\n<div class=\"container\">\n<ul class=\"wp-block-list\"><div class=\"container\">\n<li>Intelligence artificielle, travail et technologie<\/li>\n<\/div>\n\n<div class=\"container\">\n<li>Justice climatique et emplois<\/li>\n<\/div>\n\n<div class=\"container\">\n<li>Droits de la personne<\/li>\n<\/div>\n\n<div class=\"container\">\n<li>Droits des autochtones et r\u00e9conciliation<\/li>\n<\/div>\n\n<div class=\"container\">\n<li>Sant\u00e9 et s\u00e9curit\u00e9 au travail<\/li>\n<\/div>\n\n<div class=\"container\">\n<li>Syndicalisation<\/li>\n<\/div>\n\n<div class=\"container\">\n<li>Action politique<\/li>\n<\/div>\n\n<div class=\"container\">\n<li>Droits des femmes et de l&#8217;\u00e9galit\u00e9 des genres<\/li>\n<\/div>\n\n<div class=\"container\">\n<li>Jeunes travailleurs et travailleuses<\/li>\n<\/div><\/ul>\n<\/div>\n\n<div class=\"container\">\n<p>Les membres des comit\u00e9s permanents se r\u00e9unissent en personne ou virtuellement pendant une \u00e0 deux heures tous les deux mois ou au besoin.&nbsp;<\/p>\n<\/div>\n\n<div class=\"container\">\n<p>Le comit\u00e9 de la sant\u00e9 et de la s\u00e9curit\u00e9 au travail se r\u00e9unit pendant trois heures le deuxi\u00e8me mardi de chaque mois.&nbsp;<\/p>\n<\/div>\n\n<div class=\"container\">\n<p>La participation s&#8217;effectue sur votre temps personnel et n&#8217;est pas prise en charge par l&#8217;IPFPC.<\/p>\n<\/div>\n\n<div class=\"container\">\n<p>Pour obtenir plus d&#8217;informations ou pour poser votre candidature, veuillez envoyer un courriel \u00e0 <a href=\"mailto:erahman@pipsc.ca\"><strong>erahman@pipsc.ca<\/strong><\/a>.<\/p>\n<\/div>","protected":false},"excerpt":{"rendered":"<p>La R\u00e9gion de la Colombie-Britannique et du Yukon de l&#8217;IPFPC invite les membres \u00e0 poser leur candidature pour si\u00e9ger aux comit\u00e9s permanents de la F\u00e9d\u00e9ration du travail de la C.-B. (BCFED).&nbsp; Souhaitez-vous faire entendre votre voix, acqu\u00e9rir de nouvelles connaissances et repr\u00e9senter l&#8217;IPFPC dans l&#8217;un de ces domaines ? Les membres des comit\u00e9s permanents se &hellip;<\/p>\n","protected":false},"author":10000056416,"featured_media":0,"comment_status":"closed","ping_status":"closed","sticky":false,"template":"","format":"standard","meta":{"_acf_changed":false,"footnotes":""},"categories":[2529],"group":[],"region":[519],"employer":[],"chapter":[],"class_list":["post-85590","post","type-post","status-publish","format-standard","hentry","category-nouvelles","region-region-de-la-colombie-britannique-yukon-fr"],"acf":[],"_links":{"self":[{"href":"https:\/\/pipsc.ca\/fr\/wp-json\/wp\/v2\/posts\/85590","targetHints":{"allow":["GET"]}}],"collection":[{"href":"https:\/\/pipsc.ca\/fr\/wp-json\/wp\/v2\/posts"}],"about":[{"href":"https:\/\/pipsc.ca\/fr\/wp-json\/wp\/v2\/types\/post"}],"author":[{"embeddable":true,"href":"https:\/\/pipsc.ca\/fr\/wp-json\/wp\/v2\/users\/10000056416"}],"replies":[{"embeddable":true,"href":"https:\/\/pipsc.ca\/fr\/wp-json\/wp\/v2\/comments?post=85590"}],"version-history":[{"count":4,"href":"https:\/\/pipsc.ca\/fr\/wp-json\/wp\/v2\/posts\/85590\/revisions"}],"predecessor-version":[{"id":85594,"href":"https:\/\/pipsc.ca\/fr\/wp-json\/wp\/v2\/posts\/85590\/revisions\/85594"}],"wp:attachment":[{"href":"https:\/\/pipsc.ca\/fr\/wp-json\/wp\/v2\/media?parent=85590"}],"wp:term":[{"taxonomy":"category","embeddable":true,"href":"https:\/\/pipsc.ca\/fr\/wp-json\/wp\/v2\/categories?post=85590"},{"taxonomy":"group","embeddable":true,"href":"https:\/\/pipsc.ca\/fr\/wp-json\/wp\/v2\/group?post=85590"},{"taxonomy":"region","embeddable":true,"href":"https:\/\/pipsc.ca\/fr\/wp-json\/wp\/v2\/region?post=85590"},{"taxonomy":"employer","embeddable":true,"href":"https:\/\/pipsc.ca\/fr\/wp-json\/wp\/v2\/employer?post=85590"},{"taxonomy":"chapter","embeddable":true,"href":"https:\/\/pipsc.ca\/fr\/wp-json\/wp\/v2\/chapter?post=85590"}],"curies":[{"name":"wp","href":"https:\/\/api.w.org\/{rel}","templated":true}]}}