{"id":85553,"date":"2026-08-31T18:34:25","date_gmt":"2026-08-31T18:34:25","guid":{"rendered":"https:\/\/pipsc.ca\/?p=85553"},"modified":"2026-08-31T18:34:25","modified_gmt":"2026-08-31T18:34:25","slug":"aga-2026-de-la-section-dottawa-ouest-de-lipfpc","status":"publish","type":"post","link":"https:\/\/pipsc.ca\/fr\/aga-2026-de-la-section-dottawa-ouest-de-lipfpc\/","title":{"rendered":"AGA 2026 de la section d&#8217;Ottawa-Ouest de l\u2019IPFPC"},"content":{"rendered":"<div class=\"container\">\n<p>Bonjour,<\/p>\n<\/div>\n\n<div class=\"container\">\n<p>Le 17 septembre 2026, la section d&#8217;Ottawa-Ouest tiendra son assembl\u00e9e g\u00e9n\u00e9rale annuelle (AGA). Tous les membres titulaires et retrait\u00e9s de la section sont invit\u00e9s \u00e0 s&#8217;inscrire avant le 10 septembre 2026.<\/p>\n<\/div>\n\n<div class=\"container\">\n<p>Formulaire d&#8217;inscription :&nbsp; <a href=\"https:\/\/forms.gle\/YniG72jKsMKWPPaL7\" target=\"_blank\" rel=\"noopener\">Inscription \u00e0 l&#8217;AGA 2026 de la section d&#8217;Ottawa-Ouest<\/a><\/p>\n<\/div>\n\n<div class=\"container\">\n<p>Veuillez noter que ce formulaire NE CONSTITUE PAS une confirmation de participation \u00e0 l&#8217;AGA. Un <strong>courriel <\/strong>distinct confirmera votre inscription.<\/p>\n<\/div>\n\n<div class=\"container\">\n<p><strong>D\u00e9tails de l&#8217;AGA<\/strong><\/p>\n<\/div>\n\n<div class=\"container\">\n<p>Date\/heure : &nbsp;&nbsp;&nbsp;&nbsp; Jeudi 17 septembre 2026, de 17 h 30 \u00e0 20 h 30<\/p>\n<\/div>\n\n<div class=\"container\">\n<p>Lieu : &nbsp;&nbsp;&nbsp;&nbsp;&nbsp;&nbsp;&nbsp;&nbsp;&nbsp;&nbsp;&nbsp;&nbsp;&nbsp;&nbsp; Villa Marconi<\/p>\n<\/div>\n\n<div class=\"container\">\n<p><a><\/a>Cinq postes de membres actifs sont ouverts aux candidatures. Les personnes int\u00e9ress\u00e9es \u00e0 si\u00e9ger \u00e0 l\u2019ex\u00e9cutif sont invit\u00e9es \u00e0 faire part de leur int\u00e9r\u00eat \u00e0 <a href=\"mailto:owb@pipsc.ca\">owb@pipsc.ca<\/a> en r\u00e9pondant aux questions suivantes :<\/p>\n<\/div>\n\n<div class=\"container\">\n<ul class=\"wp-block-list\"><div class=\"container\">\n<li>Qu&#8217;est-ce qui vous motive \u00e0 postuler \u00e0 ce poste de l\u2019ex\u00e9cutif?<\/li>\n<\/div>\n\n<div class=\"container\">\n<li>Quelle est votre vision pour cette fonction et quelles sont les comp\u00e9tences que vous y apporteriez?<\/li>\n<\/div><\/ul>\n<\/div>\n\n<div class=\"container\">\n<p><strong>Ordre du jour :<\/strong><\/p>\n<\/div>\n\n<div class=\"container\">\n<p>17 h 30 \u00e0 18 h \u2013 Rencontre<\/p>\n<\/div>\n\n<div class=\"container\">\n<p>18 h \u00e0 20 h 30 \u2013 AGA et souper<\/p>\n<\/div>\n\n<div class=\"container\">\n<ul class=\"wp-block-list\"><div class=\"container\">\n<li>Adoption de l&#8217;ordre du jour 2026 et approbation du proc\u00e8s-verbal de l&#8217;AGA 2025<\/li>\n<\/div>\n\n<div class=\"container\">\n<li>Rapport de la pr\u00e9sidente<\/li>\n<\/div>\n\n<div class=\"container\">\n<li>Rapport de la tr\u00e9sori\u00e8re et approbation\/vote<\/li>\n<\/div>\n\n<div class=\"container\">\n<li>\u00c9lections de l\u2019ex\u00e9cutif de la section<\/li>\n<\/div>\n\n<div class=\"container\">\n<li>Conf\u00e9rencier\u00b7\u00e8re invit\u00e9\u00b7e<\/li>\n<\/div>\n\n<div class=\"container\">\n<li>Lev\u00e9e de la s\u00e9ance<\/li>\n<\/div><\/ul>\n<\/div>\n\n<div class=\"container\">\n<p>En toute solidarit\u00e9,<\/p>\n<\/div>\n\n<div class=\"container\">\n<p>L\u2019ex\u00e9cutif de la section d&#8217;Ottawa-Ouest de l&#8217;IPFPC<\/p>\n<\/div>","protected":false},"excerpt":{"rendered":"<p>Bonjour, Le 17 septembre 2026, la section d&#8217;Ottawa-Ouest tiendra son assembl\u00e9e g\u00e9n\u00e9rale annuelle (AGA). Tous les membres titulaires et retrait\u00e9s de la section sont invit\u00e9s \u00e0 s&#8217;inscrire avant le 10 septembre 2026. Formulaire d&#8217;inscription :&nbsp; Inscription \u00e0 l&#8217;AGA 2026 de la section d&#8217;Ottawa-Ouest Veuillez noter que ce formulaire NE CONSTITUE PAS une confirmation de participation &hellip;<\/p>\n","protected":false},"author":10000061828,"featured_media":0,"comment_status":"closed","ping_status":"closed","sticky":false,"template":"","format":"standard","meta":{"_acf_changed":false,"footnotes":""},"categories":[1,3],"group":[],"region":[437,93],"employer":[],"chapter":[],"class_list":["post-85553","post","type-post","status-publish","format-standard","hentry","category-uncategorized","category-non-categorise","region-ncr-ottawa-ouest-rcn-fr","region-region-de-la-capitale-nationale-fr"],"acf":[],"_links":{"self":[{"href":"https:\/\/pipsc.ca\/fr\/wp-json\/wp\/v2\/posts\/85553","targetHints":{"allow":["GET"]}}],"collection":[{"href":"https:\/\/pipsc.ca\/fr\/wp-json\/wp\/v2\/posts"}],"about":[{"href":"https:\/\/pipsc.ca\/fr\/wp-json\/wp\/v2\/types\/post"}],"author":[{"embeddable":true,"href":"https:\/\/pipsc.ca\/fr\/wp-json\/wp\/v2\/users\/10000061828"}],"replies":[{"embeddable":true,"href":"https:\/\/pipsc.ca\/fr\/wp-json\/wp\/v2\/comments?post=85553"}],"version-history":[{"count":1,"href":"https:\/\/pipsc.ca\/fr\/wp-json\/wp\/v2\/posts\/85553\/revisions"}],"predecessor-version":[{"id":85554,"href":"https:\/\/pipsc.ca\/fr\/wp-json\/wp\/v2\/posts\/85553\/revisions\/85554"}],"wp:attachment":[{"href":"https:\/\/pipsc.ca\/fr\/wp-json\/wp\/v2\/media?parent=85553"}],"wp:term":[{"taxonomy":"category","embeddable":true,"href":"https:\/\/pipsc.ca\/fr\/wp-json\/wp\/v2\/categories?post=85553"},{"taxonomy":"group","embeddable":true,"href":"https:\/\/pipsc.ca\/fr\/wp-json\/wp\/v2\/group?post=85553"},{"taxonomy":"region","embeddable":true,"href":"https:\/\/pipsc.ca\/fr\/wp-json\/wp\/v2\/region?post=85553"},{"taxonomy":"employer","embeddable":true,"href":"https:\/\/pipsc.ca\/fr\/wp-json\/wp\/v2\/employer?post=85553"},{"taxonomy":"chapter","embeddable":true,"href":"https:\/\/pipsc.ca\/fr\/wp-json\/wp\/v2\/chapter?post=85553"}],"curies":[{"name":"wp","href":"https:\/\/api.w.org\/{rel}","templated":true}]}}