{"id":73988,"date":"2026-04-29T18:09:19","date_gmt":"2026-04-29T18:09:19","guid":{"rendered":"https:\/\/pipsc.ca\/?p=73988"},"modified":"2026-04-29T19:21:16","modified_gmt":"2026-04-29T19:21:16","slug":"proces-verbal-du-ccps-eccc-2","status":"publish","type":"post","link":"https:\/\/pipsc.ca\/fr\/proces-verbal-du-ccps-eccc-2\/","title":{"rendered":"Proc\u00e8s-verbal du CCPS ECCC du 17 d\u00e9cembre 2025"},"content":{"rendered":"<div class=\"post-intro-box\">\n  <div class=\"intro-content\">\n    \n  <\/div>\n  <div class=\"published-part text-sm text-gray-500 flex flex-wrap gap-2 items-center\">\n    <span>Publi\u00e9<\/span>\n    <time class=\"dt-published\" datetime=\"2026-04-29T18:09:19+00:00\">\n      avril 29, 2026\n    <\/time>\n    <span> | <\/span>\n    <span>Derni\u00e8re mise \u00e0 jour<\/span>\n    <span class=\"text-gray-700 font-medium\">\n      il y a 5 heures\n    <\/span>\n  <\/div>\n<\/div>\n\n\n<div class=\"container\">\n<p>Proc\u00e8s-verbal de la r\u00e9union du comit\u00e9 de consultation patronale-syndicale d&#8217;Environnement et Changement climatique Canada tenue le 17 d\u00e9cembre 2025<\/p>\n<\/div>\n\n<div class=\"container\">\n<p>Cher(\u00e8re)s coll\u00e8gues et ami(e)s,<\/p>\n<\/div>\n\n<div class=\"container\">\n<p>Veuillez trouver ci-joint le proc\u00e8s-verbal de la r\u00e9union du comit\u00e9 de consultation patronale-syndicale d&#8217;Environnement et Changement climatique Canada tenue le 17 d\u00e9cembre 2025. <\/p>\n<\/div>\n\n<div class=\"container\">\n<p><a href=\"https:\/\/docs.google.com\/document\/d\/13kFaxwNwasoFOkQZzDkc_eUGBHPURCh5\/edit?usp=sharing&amp;ouid=109398557637442222552&amp;rtpof=true&amp;sd=true\" target=\"_blank\" rel=\"noopener\">Proc\u00e8s-verbal du CCPS ECCC<\/a><\/p>\n<\/div>\n\n<div class=\"container\">\n<p>Conform\u00e9ment au cadre de consultation patronale-syndicale d&#8217;Environnement et Changement climatique Canada, nous tenons des r\u00e9unions avec la direction deux fois par ann\u00e9e. Au niveau national, le sous-ministre, le sous-ministre d\u00e9l\u00e9gu\u00e9 et tous les chefs de direction g\u00e9n\u00e9rale participent \u00e0 la r\u00e9union, o\u00f9 les agents n\u00e9gociateurs soumettent leurs questions prioritaires pour consultation, qui n&#8217;ont pas \u00e9t\u00e9 r\u00e9solues aux niveaux inf\u00e9rieurs.<\/p>\n<\/div>\n\n<div class=\"container\">\n<p>Nous partageons ces proc\u00e8s-verbaux pour tenir tous nos membres inform\u00e9s de notre consultation, ainsi que pour encourager nos membres \u00e0 porter leurs probl\u00e8mes \u00e0 l&#8217;attention de l&#8217;\u00e9quipe de consultation nationale de l&#8217;IPFPC et des d\u00e9l\u00e9gu\u00e9s syndicaux.<\/p>\n<\/div>\n\n<div class=\"container\">\n<p>Veuillez noter que nous tenons \u00e9galement des r\u00e9unions de consultation semestrielles avec les chefs de direction, o\u00f9 nous soulevons des questions qui rel\u00e8vent de la comp\u00e9tence d&#8217;un sous-ministre adjoint (ou d&#8217;un chef de direction) pour discussion et r\u00e9solution.<\/p>\n<\/div>\n\n<div class=\"container\">\n<p>Nous appr\u00e9cions les commentaires et les suggestions de tous nos membres. N&#8217;h\u00e9sitez pas \u00e0 me contacter si je peux vous \u00eatre utile.<\/p>\n<\/div>\n\n<div class=\"container\">\n<p>Restez&nbsp;en&nbsp;s\u00e9curit\u00e9,&nbsp;restez&nbsp;en bonne&nbsp;forme!<\/p>\n<\/div>\n\n<div class=\"container\">\n<p>Respectueusement,<\/p>\n<\/div>\n\n<div class=\"container\">\n<p>Waheed Khan&nbsp;<\/p>\n<\/div>\n\n<div class=\"container\">\n<p>Pr\u00e9sident, \u00e9quipe nationale de consultation&nbsp;<\/p>\n<\/div>\n\n<div class=\"container\">\n<p><a href=\"mailto:Waheed.Khan@pipsc.ca\">Waheed.Khan@pipsc.ca<\/a><\/p>\n<\/div>\n\n<div class=\"container\">\n<p><\/p>\n<\/div>","protected":false},"excerpt":{"rendered":"<p>Proc\u00e8s-verbal de la r\u00e9union du comit\u00e9 de consultation patronale-syndicale d&#8217;Environnement et Changement climatique Canada tenue le 17 d\u00e9cembre 2025 Cher(\u00e8re)s coll\u00e8gues et ami(e)s, Veuillez trouver ci-joint le proc\u00e8s-verbal de la r\u00e9union du comit\u00e9 de consultation patronale-syndicale d&#8217;Environnement et Changement climatique Canada tenue le 17 d\u00e9cembre 2025. Proc\u00e8s-verbal du CCPS ECCC Conform\u00e9ment au cadre de consultation &hellip;<\/p>\n","protected":false},"author":12,"featured_media":0,"comment_status":"closed","ping_status":"closed","sticky":false,"template":"","format":"standard","meta":{"_acf_changed":false,"footnotes":""},"categories":[54],"group":[],"region":[],"employer":[1902],"chapter":[],"class_list":["post-73988","post","type-post","status-publish","format-standard","hentry","category-consultation","employer-tb-environnement-et-changement-climatique-canada-incluant-lagence-devaluation-dimpact-du-canada-fr"],"acf":[],"_links":{"self":[{"href":"https:\/\/pipsc.ca\/fr\/wp-json\/wp\/v2\/posts\/73988","targetHints":{"allow":["GET"]}}],"collection":[{"href":"https:\/\/pipsc.ca\/fr\/wp-json\/wp\/v2\/posts"}],"about":[{"href":"https:\/\/pipsc.ca\/fr\/wp-json\/wp\/v2\/types\/post"}],"author":[{"embeddable":true,"href":"https:\/\/pipsc.ca\/fr\/wp-json\/wp\/v2\/users\/12"}],"replies":[{"embeddable":true,"href":"https:\/\/pipsc.ca\/fr\/wp-json\/wp\/v2\/comments?post=73988"}],"version-history":[{"count":5,"href":"https:\/\/pipsc.ca\/fr\/wp-json\/wp\/v2\/posts\/73988\/revisions"}],"predecessor-version":[{"id":74000,"href":"https:\/\/pipsc.ca\/fr\/wp-json\/wp\/v2\/posts\/73988\/revisions\/74000"}],"wp:attachment":[{"href":"https:\/\/pipsc.ca\/fr\/wp-json\/wp\/v2\/media?parent=73988"}],"wp:term":[{"taxonomy":"category","embeddable":true,"href":"https:\/\/pipsc.ca\/fr\/wp-json\/wp\/v2\/categories?post=73988"},{"taxonomy":"group","embeddable":true,"href":"https:\/\/pipsc.ca\/fr\/wp-json\/wp\/v2\/group?post=73988"},{"taxonomy":"region","embeddable":true,"href":"https:\/\/pipsc.ca\/fr\/wp-json\/wp\/v2\/region?post=73988"},{"taxonomy":"employer","embeddable":true,"href":"https:\/\/pipsc.ca\/fr\/wp-json\/wp\/v2\/employer?post=73988"},{"taxonomy":"chapter","embeddable":true,"href":"https:\/\/pipsc.ca\/fr\/wp-json\/wp\/v2\/chapter?post=73988"}],"curies":[{"name":"wp","href":"https:\/\/api.w.org\/{rel}","templated":true}]}}