{"id":73895,"date":"2026-04-28T20:25:57","date_gmt":"2026-04-28T20:25:57","guid":{"rendered":"https:\/\/pipsc.ca\/?p=73895"},"modified":"2026-04-28T20:57:03","modified_gmt":"2026-04-28T20:57:03","slug":"campagne-affichez-vos-couleurs","status":"publish","type":"post","link":"https:\/\/pipsc.ca\/fr\/campagne-affichez-vos-couleurs\/","title":{"rendered":"Campagne \u00abAffichez Vos Couleurs \u00bb"},"content":{"rendered":"<div class=\"post-intro-box\">\n  <div class=\"intro-content\">\n    Campagne TI \u00abAffichez Vos Couleurs \u00bb pour soutenir nos efforts \u00e0 la table des n\u00e9gociations.\n  <\/div>\n  <div class=\"published-part text-sm text-gray-500 flex flex-wrap gap-2 items-center\">\n    <span>Publi\u00e9<\/span>\n    <time class=\"dt-published\" datetime=\"2026-04-28T20:25:57+00:00\">\n      avril 28, 2026\n    <\/time>\n    <span> | <\/span>\n    <span>Derni\u00e8re mise \u00e0 jour<\/span>\n    <span class=\"text-gray-700 font-medium\">\n      il y a 2 heures\n    <\/span>\n  <\/div>\n<\/div>\n\n\n<div class=\"container\">\n<p>Je tiens \u00e0 remercier tous ceux qui ont particip\u00e9 \u00e0 notre campagne \u00abAffichez Vos Couleurs \u00bb pour soutenir nos efforts \u00e0 la table des n\u00e9gociations. Un merci tout particulier \u00e0 ceux d\u2019entre vous qui ont envoy\u00e9 des photos affichant vos couleurs et faisant savoir \u00e0 votre \u00e9quipe de n\u00e9gociation que ce qu\u2019elle fait en votre nom compte.<\/p>\n<\/div>\n\n<div class=\"container\">\n<p>Et il n\u2019est jamais trop tard pour envoyer d\u2019autres photos de soutien. Veuillez envoyer vos photos ou captures d\u2019\u00e9cran avec les arri\u00e8re-plans Zoom et Teams \u00e0 <a href=\"mailto:IT_TI_NOC@pipsc.ca\">IT_TI_NOC@pipsc.ca<\/a>.<\/p>\n<\/div>\n\n<div class=\"container\">\n<p>Vous trouverez les arri\u00e8re-plans virtuels \u00ab I Support My Bargaining Team \u00bb (Je soutiens mon \u00e9quipe de n\u00e9gociation) \u00e0 l\u2019adresse suivante :<\/p>\n<\/div>\n\n<div class=\"container\">\n<p><a href=\"https:\/\/www.google.com\/url?q=https:\/\/www.google.com\/url?q%3Dhttps:\/\/drive.google.com\/drive\/folders\/1mUdRW_FOkpEdLvVAijdiaQha07dqMssJ%26source%3Dgmail-imap%26ust%3D1775839763000000%26usg%3DAOvVaw3cnhu2_KIq50Tc60KEzeMK&amp;source=gmail-imap&amp;ust=1775845905000000&amp;usg=AOvVaw0u41dm-Z3rb1X0TBfCJSeC\" target=\"_blank\" rel=\"noreferrer noopener\">Arii\u00e8re-plans &#8211; Google Drive<\/a><\/p>\n<\/div>\n\n<div class=\"container\">\n<p>Nous continuerons \u00e0 nous concentrer sur l\u2019am\u00e9lioration de notre article sur r\u00e9am\u00e9nagement des effectifs (RE) lors de nos prochaines rondes de n\u00e9gociations. L\u2019employeur cherche \u00e0 supprimer cette protection et \u00e0 la remplacer par la directive du Conseil national mixte, qui ne serait alors plus n\u00e9gociable dans le cadre de notre convention collective.<\/p>\n<\/div>\n\n<div class=\"container\">\n<p>Nous organiserons tr\u00e8s prochainement des pr\u00e9sentations sur les diff\u00e9rences entre notre article et cette directive. Il est imp\u00e9ratif que vous restiez inform\u00e9s, alors restez \u00e0 l\u2019\u00e9coute pour conna\u00eetre le calendrier des pr\u00e9sentations.<\/p>\n<\/div>\n\n<div class=\"container\">\n<p>En toute solidarit\u00e9,<\/p>\n<\/div>\n\n<div class=\"container\">\n<p>Stan Buday<\/p>\n<\/div>\n\n<div class=\"container\">\n<p>Organisateur national<\/p>\n<\/div>\n\n<div class=\"container\">\n<p>Groupe IT<\/p>\n<\/div>","protected":false},"excerpt":{"rendered":"<p>Je tiens \u00e0 remercier tous ceux qui ont particip\u00e9 \u00e0 notre campagne \u00abAffichez Vos Couleurs \u00bb pour soutenir nos efforts \u00e0 la table des n\u00e9gociations. Un merci tout particulier \u00e0 ceux d\u2019entre vous qui ont envoy\u00e9 des photos affichant vos couleurs et faisant savoir \u00e0 votre \u00e9quipe de n\u00e9gociation que ce qu\u2019elle fait en votre &hellip;<\/p>\n","protected":false},"author":10000056650,"featured_media":73741,"comment_status":"closed","ping_status":"closed","sticky":false,"template":"","format":"standard","meta":{"_acf_changed":false,"footnotes":""},"categories":[2529,2529],"group":[237],"region":[],"employer":[],"chapter":[],"class_list":{"0":"post-73895","1":"post","2":"type-post","3":"status-publish","4":"format-standard","5":"has-post-thumbnail","6":"hentry","7":"category-nouvelles","9":"group-groupe-technologies-de-linformation-fr"},"acf":[],"_links":{"self":[{"href":"https:\/\/pipsc.ca\/fr\/wp-json\/wp\/v2\/posts\/73895","targetHints":{"allow":["GET"]}}],"collection":[{"href":"https:\/\/pipsc.ca\/fr\/wp-json\/wp\/v2\/posts"}],"about":[{"href":"https:\/\/pipsc.ca\/fr\/wp-json\/wp\/v2\/types\/post"}],"author":[{"embeddable":true,"href":"https:\/\/pipsc.ca\/fr\/wp-json\/wp\/v2\/users\/10000056650"}],"replies":[{"embeddable":true,"href":"https:\/\/pipsc.ca\/fr\/wp-json\/wp\/v2\/comments?post=73895"}],"version-history":[{"count":3,"href":"https:\/\/pipsc.ca\/fr\/wp-json\/wp\/v2\/posts\/73895\/revisions"}],"predecessor-version":[{"id":73903,"href":"https:\/\/pipsc.ca\/fr\/wp-json\/wp\/v2\/posts\/73895\/revisions\/73903"}],"wp:featuredmedia":[{"embeddable":true,"href":"https:\/\/pipsc.ca\/fr\/wp-json\/wp\/v2\/media\/73741"}],"wp:attachment":[{"href":"https:\/\/pipsc.ca\/fr\/wp-json\/wp\/v2\/media?parent=73895"}],"wp:term":[{"taxonomy":"category","embeddable":true,"href":"https:\/\/pipsc.ca\/fr\/wp-json\/wp\/v2\/categories?post=73895"},{"taxonomy":"group","embeddable":true,"href":"https:\/\/pipsc.ca\/fr\/wp-json\/wp\/v2\/group?post=73895"},{"taxonomy":"region","embeddable":true,"href":"https:\/\/pipsc.ca\/fr\/wp-json\/wp\/v2\/region?post=73895"},{"taxonomy":"employer","embeddable":true,"href":"https:\/\/pipsc.ca\/fr\/wp-json\/wp\/v2\/employer?post=73895"},{"taxonomy":"chapter","embeddable":true,"href":"https:\/\/pipsc.ca\/fr\/wp-json\/wp\/v2\/chapter?post=73895"}],"curies":[{"name":"wp","href":"https:\/\/api.w.org\/{rel}","templated":true}]}}