{"id":73286,"date":"2026-04-27T13:43:22","date_gmt":"2026-04-27T13:43:22","guid":{"rendered":"https:\/\/pipsc.ca\/?p=73286"},"modified":"2026-04-27T14:25:46","modified_gmt":"2026-04-27T14:25:46","slug":"enregistrement-et-ressources-du-webinaire-sur-lincitation-a-la-retraite-anticipee","status":"publish","type":"post","link":"https:\/\/pipsc.ca\/fr\/enregistrement-et-ressources-du-webinaire-sur-lincitation-a-la-retraite-anticipee\/","title":{"rendered":"\u00a0Enregistrement et ressources du webinaire sur l\u2019Incitation \u00e0 la retraite anticip\u00e9e"},"content":{"rendered":"<div class=\"post-intro-box\">\n  <div class=\"intro-content\">\n    L\u2019Institut a organis\u00e9 un webinaire afin de fournir des outils et des ressources pour vous aider \u00e0 mieux comprendre le programme propos\u00e9 d\u2019Incitation \u00e0 la retraite anticip\u00e9e (IRA) et ce qu\u2019il peut signifier pour vous.\r\n\n  <\/div>\n  <div class=\"published-part text-sm text-gray-500 flex flex-wrap gap-2 items-center\">\n    <span>Publi\u00e9<\/span>\n    <time class=\"dt-published\" datetime=\"2026-04-27T13:43:22+00:00\">\n      avril 27, 2026\n    <\/time>\n    <span> | <\/span>\n    <span>Derni\u00e8re mise \u00e0 jour<\/span>\n    <span class=\"text-gray-700 font-medium\">\n      il y a 3 heures\n    <\/span>\n  <\/div>\n<\/div>\n\n\n<div class=\"container\">\n<p>L\u2019Institut a r\u00e9cemment organis\u00e9 un webinaire sur le programme d\u2019Incitation \u00e0 la retraite anticip\u00e9e (IRA). L\u2019objectif de cette s\u00e9ance \u00e9tait de clarifier ce qui a \u00e9t\u00e9 annonc\u00e9, le fonctionnement du programme et ce qu\u2019il peut signifier pour vous.<\/p>\n<\/div>\n\n<div class=\"container\">\n<p>Si vous n\u2019avez pas pu y assister ou si vous souhaitez r\u00e9viser le contenu, vous pouvez acc\u00e9der \u00e0 l\u2019enregistrement et aux ressources ci-dessous :<\/p>\n<\/div>\n\n<div class=\"container\">\n<ul class=\"wp-block-list\"><div class=\"container\">\n<li><a href=\"https:\/\/youtu.be\/ka5fBdIDEto\" target=\"_blank\" rel=\"noopener\"><strong>Enregistrement du webinaire<\/strong><\/a><\/li>\n<\/div>\n\n<div class=\"container\">\n<li><a href=\"https:\/\/drive.google.com\/file\/d\/14BoYck4F3J0KbSTvCq4Fd-55DYmdU57D\/view?usp=drive_link\" target=\"_blank\" rel=\"noopener\"><strong>Diapositives de pr\u00e9sentation du programme d\u2019IRA<\/strong><\/a><\/li>\n<\/div>\n\n<div class=\"container\">\n<li><a href=\"https:\/\/pipsc.ca\/fr\/faq-programme-propose-dincitation-a-la-retraite-anticipee\/\"><strong>FAQ sur l\u2019IRA<\/strong><\/a><\/li>\n<\/div><\/ul>\n<\/div>\n\n<div class=\"container\">\n<p>Nous vous tiendrons au courant de l\u2019\u00e9volution de la situation. L\u2019Institut est l\u00e0 pour vous soutenir en vous fournissant des informations claires, des outils et des conseils pour vous aider \u00e0 faire des choix \u00e9clair\u00e9s.<\/p>\n<\/div>\n\n<div class=\"container\">\n<p>Si vous envisagez les options qui s\u2019offrent \u00e0 vous, y compris la retraite ou un \u00e9ventuel r\u00e9am\u00e9nagement des effectifs, nous vous encourageons \u00e0 consulter les<a href=\"https:\/\/pipsc.ca\/fr\/for-members\/defense-des-interets\/problemes-sur-le-lieu-de-travail\/work-force-adjustment-wfa\/\"> <strong>ressources disponibles<\/strong><\/a> et \u00e0 nous contacter si vous avez besoin d\u2019aide.<\/p>\n<\/div>\n\n<div class=\"container\">\n<p>Si vous avez des questions, veuillez nous contacter par notre<a href=\"https:\/\/pipsc.ca\/fr\/contact-us\"> <strong>formulaire en ligne<\/strong><\/a><strong> <\/strong>ou par courriel \u00e0 <strong>bienmieuxensemble@ipfpc.ca<\/strong><strong>.<\/strong><\/p>\n<\/div>","protected":false},"excerpt":{"rendered":"<p>L\u2019Institut a r\u00e9cemment organis\u00e9 un webinaire sur le programme d\u2019Incitation \u00e0 la retraite anticip\u00e9e (IRA). L\u2019objectif de cette s\u00e9ance \u00e9tait de clarifier ce qui a \u00e9t\u00e9 annonc\u00e9, le fonctionnement du programme et ce qu\u2019il peut signifier pour vous. Si vous n\u2019avez pas pu y assister ou si vous souhaitez r\u00e9viser le contenu, vous pouvez acc\u00e9der &hellip;<\/p>\n","protected":false},"author":10000135410,"featured_media":73288,"comment_status":"closed","ping_status":"closed","sticky":false,"template":"","format":"standard","meta":{"_acf_changed":false,"footnotes":""},"categories":[55,3,2529,64],"group":[],"region":[],"employer":[],"chapter":[],"class_list":["post-73286","post","type-post","status-publish","format-standard","has-post-thumbnail","hentry","category-annonces","category-non-categorise","category-nouvelles","category-reamenagement-des-effectifs"],"acf":[],"_links":{"self":[{"href":"https:\/\/pipsc.ca\/fr\/wp-json\/wp\/v2\/posts\/73286","targetHints":{"allow":["GET"]}}],"collection":[{"href":"https:\/\/pipsc.ca\/fr\/wp-json\/wp\/v2\/posts"}],"about":[{"href":"https:\/\/pipsc.ca\/fr\/wp-json\/wp\/v2\/types\/post"}],"author":[{"embeddable":true,"href":"https:\/\/pipsc.ca\/fr\/wp-json\/wp\/v2\/users\/10000135410"}],"replies":[{"embeddable":true,"href":"https:\/\/pipsc.ca\/fr\/wp-json\/wp\/v2\/comments?post=73286"}],"version-history":[{"count":2,"href":"https:\/\/pipsc.ca\/fr\/wp-json\/wp\/v2\/posts\/73286\/revisions"}],"predecessor-version":[{"id":73292,"href":"https:\/\/pipsc.ca\/fr\/wp-json\/wp\/v2\/posts\/73286\/revisions\/73292"}],"wp:featuredmedia":[{"embeddable":true,"href":"https:\/\/pipsc.ca\/fr\/wp-json\/wp\/v2\/media\/73288"}],"wp:attachment":[{"href":"https:\/\/pipsc.ca\/fr\/wp-json\/wp\/v2\/media?parent=73286"}],"wp:term":[{"taxonomy":"category","embeddable":true,"href":"https:\/\/pipsc.ca\/fr\/wp-json\/wp\/v2\/categories?post=73286"},{"taxonomy":"group","embeddable":true,"href":"https:\/\/pipsc.ca\/fr\/wp-json\/wp\/v2\/group?post=73286"},{"taxonomy":"region","embeddable":true,"href":"https:\/\/pipsc.ca\/fr\/wp-json\/wp\/v2\/region?post=73286"},{"taxonomy":"employer","embeddable":true,"href":"https:\/\/pipsc.ca\/fr\/wp-json\/wp\/v2\/employer?post=73286"},{"taxonomy":"chapter","embeddable":true,"href":"https:\/\/pipsc.ca\/fr\/wp-json\/wp\/v2\/chapter?post=73286"}],"curies":[{"name":"wp","href":"https:\/\/api.w.org\/{rel}","templated":true}]}}