{"id":71543,"date":"2026-03-12T21:09:29","date_gmt":"2026-03-12T21:09:29","guid":{"rendered":"https:\/\/pipsc.ca\/?p=71543"},"modified":"2026-04-01T14:09:05","modified_gmt":"2026-04-01T14:09:05","slug":"57-un-souper-causerie-entre-les-jeunes-fonctionnaires-de-lipfpc-au-saguenay-2","status":"publish","type":"post","link":"https:\/\/pipsc.ca\/fr\/57-un-souper-causerie-entre-les-jeunes-fonctionnaires-de-lipfpc-au-saguenay-2\/","title":{"rendered":"5@7 &#8211; Un souper-causerie entre les jeunes fonctionnaires de l\u2019IPFPC au Saguenay!"},"content":{"rendered":"<div class=\"post-intro-box\">\n  <div class=\"intro-content\">\n    \n  <\/div>\n  <div class=\"published-part text-sm text-gray-500 flex flex-wrap gap-2 items-center\">\n    <span>Publi\u00e9<\/span>\n    <time class=\"dt-published\" datetime=\"2026-03-12T21:09:29+00:00\">\n      mars 12, 2026\n    <\/time>\n    <span> | <\/span>\n    <span>Derni\u00e8re mise \u00e0 jour<\/span>\n    <span class=\"text-gray-700 font-medium\">\n      il y a 1 mois\n    <\/span>\n  <\/div>\n<\/div>\n\n\n<div class=\"container\">\n<p><strong>Cher\/ch\u00e8re membre,<\/strong><\/p>\n<\/div>\n\n<div class=\"container\">\n<p>Joignez-vous \u00e0 nous pour une s\u00e9ance informative, qui vous tient \u00e0 c\u0153ur !<\/p>\n<\/div>\n\n<div class=\"container\">\n<p>Nous avons le plaisir de vous inviter \u00e0&nbsp;<strong>un \u00e9v\u00e9nement en personne d\u00e9di\u00e9 \u00e0 tous les jeunes<\/strong>&nbsp;fonctionnaires f\u00e9d\u00e9raux de l\u2019Institut professionnel de la fonction publique du Canada (<strong>IPFPC<\/strong>), qui sont int\u00e9ress\u00e9s \u00e0 conna\u00eetre leur comit\u00e9 des jeunes de la r\u00e9gion du Qu\u00e9bec. Cette s\u00e9ance stimulante aura lieu&nbsp;<strong>le 17 avril 2026<\/strong>,&nbsp;<strong>de 17 h \u00e0 19 h<\/strong>&nbsp;au&nbsp;<strong>Boston Pizza<\/strong>&nbsp;de l\u2019h\u00f4tel Delta&nbsp;<strong>de Jonqui\u00e8re<\/strong>,&nbsp;<strong>Saguenay!<\/strong><\/p>\n<\/div>\n\n<div class=\"container\">\n<p>De la nourriture sera offerte aux membres en pr\u00e9sentiel avec un maximum de deux (2) consommations autoris\u00e9es par personne.<\/p>\n<\/div>\n\n<div class=\"container\">\n<p>Selon la demande, il pourrait y avoir un conf\u00e9rencier pour r\u00e9pondre \u00e0 vos questions. Nous vous encourageons donc \u00e0 inscrire vos int\u00e9r\u00eats dans le formulaire et \u00e0 formuler vos questions. C\u2019est une excellente occasion de d\u00e9velopper vos connaissances et de connecter avec vos coll\u00e8gues de la r\u00e9gion.<\/p>\n<\/div>\n\n<div class=\"container\">\n<p>Cet \u00e9v\u00e9nement se d\u00e9roulera majoritairement en fran\u00e7ais.<\/p>\n<\/div>\n\n<div class=\"container\">\n<p>D\u00e9tails de l&#8217;\u00e9v\u00e9nement<strong>&nbsp;(*)<\/strong><\/p>\n<\/div>\n\n<div class=\"container\">\n<p><strong>Date&nbsp;<\/strong>: 17 avril 2026<\/p>\n<\/div>\n\n<div class=\"container\">\n<p><strong>Heure&nbsp;<\/strong>: 17h00 \u2013 19h00<\/p>\n<\/div>\n\n<div class=\"container\">\n<p><strong>Lieu&nbsp;<\/strong>: Boston Pizza<\/p>\n<\/div>\n\n<div class=\"container\">\n<p>2673 Bd du Royaume, Jonqui\u00e8re, QC G7S 5B8<\/p>\n<\/div>\n\n<div class=\"container\">\n<p><strong>*<\/strong>&nbsp;Selon le nombre de participant.e.s, les gens de moins<strong>&nbsp;de 40 ans<\/strong>&nbsp;ou ayant le&nbsp;<strong>moins d&#8217;ann\u00e9es de service seront prioris\u00e9s<\/strong>.<\/p>\n<\/div>\n\n<div class=\"container\">\n<p>Veuillez noter cette date \u00e0 votre agenda. Nous avons h\u00e2te de vous retrouver en personne et de faire de cet \u00e9v\u00e9nement un moment enrichissant pour tous les jeunes membres de l\u2019IPFPC de la r\u00e9gion du Qu\u00e9bec.<\/p>\n<\/div>\n\n<div class=\"container\">\n<p><strong>Que faire pour participer?<\/strong><\/p>\n<\/div>\n\n<div class=\"container\">\n<p>Pour que nous puissions confirmer le nombre de personne au restaurant, veuillez remplir le formulaire d\u2019inscription suivant&nbsp;<strong>avant la fin de la journ\u00e9e du&nbsp;<em><u>13 avril 2026<\/u><\/em><\/strong>&nbsp;:<\/p>\n<\/div>\n\n<div class=\"container\">\n<figure class=\"wp-block-embed\"><div class=\"wp-block-embed__wrapper\">\nhttps:\/\/docs.google.com\/forms\/d\/e\/1FAIpQLScXRL-Ewt3thP8_Mlp4c1Vl1UgtOcbrPrDCtoGQf28X0c3DUg\/viewform?usp=dialog\n<\/div><\/figure>\n<\/div>\n\n<div class=\"container\">\n<p><strong>En cas d\u2019annulation<\/strong>&nbsp;de l\u2019activit\u00e9, les participants inscrits&nbsp;<strong>recevront un avis d\u2019annulation<\/strong>.&nbsp;<strong>Le formulaire restera en fonction jusqu\u2019au 17 avril 2026 \u00e0 17h00<\/strong>&nbsp;pour vous permettre de changer vos informations ou&nbsp;<strong>bien de cocher que vous ne pourrez pas \u00eatre l\u00e0<\/strong>.<\/p>\n<\/div>\n\n<div class=\"container\">\n<p>Veuillez noter que le formulaire requiert une connexion avec un compte Google. Si vous n\u2019en poss\u00e9dez pas, vous pouvez en obtenir un aupr\u00e8s de l\u2019IPFPC.<\/p>\n<\/div>\n\n<div class=\"container\">\n<p>Pour cr\u00e9er une adresse courriel de l\u2019IPFPC, utilisez le portail des membres (<a href=\"https:\/\/pipsc.ca\/fr\/outils-des-membres\/obtenez-adresse-electronique\">https:\/\/pipsc.ca\/fr\/outils-des-membres\/obtenez-adresse-electronique<\/a>) et remplissez le formulaire avec votre nom, votre num\u00e9ro de membre et une adresse courriel personnelle (et non celle de votre employeur). Le traitement des demandes peut prendre plusieurs jours en raison du volume \u00e9lev\u00e9 de demandes.<\/p>\n<\/div>\n\n<div class=\"container\">\n<p><strong>Cordialement,<\/strong><\/p>\n<\/div>\n\n<div class=\"container\">\n<p><strong>Les membres du comit\u00e9 ex\u00e9cutif du r\u00e9seau des jeunes fonctionnaires de l\u2019IPFPC du Qu\u00e9bec<\/strong><\/p>\n<\/div>\n\n<div class=\"container\">\n<figure class=\"wp-block-embed is-type-wp-embed is-provider-pipsc-ipfpc wp-block-embed-pipsc-ipfpc\"><div class=\"wp-block-embed__wrapper\">\n<blockquote class=\"wp-embedded-content\" data-secret=\"xnJMBam2DX\"><a href=\"https:\/\/pipsc.ca\/fr\/comite-des-jeunes-de-la-region-du-quebec\/\">Comit\u00e9 des Jeunes de la R\u00e9gion du Qu\u00e9bec<\/a><\/blockquote><iframe loading=\"lazy\" class=\"wp-embedded-content\" sandbox=\"allow-scripts\" security=\"restricted\" style=\"position: absolute; visibility: hidden;\" title=\"&#8220;Comit\u00e9 des Jeunes de la R\u00e9gion du Qu\u00e9bec&#8221; &#8212; PIPSC | IPFPC\" src=\"https:\/\/pipsc.ca\/fr\/comite-des-jeunes-de-la-region-du-quebec\/embed\/#?secret=aWhkQrSoLX#?secret=xnJMBam2DX\" data-secret=\"xnJMBam2DX\" width=\"500\" height=\"282\" frameborder=\"0\" marginwidth=\"0\" marginheight=\"0\" scrolling=\"no\"><\/iframe>\n<\/div><\/figure>\n<\/div>","protected":false},"excerpt":{"rendered":"<p>Cher\/ch\u00e8re membre, Joignez-vous \u00e0 nous pour une s\u00e9ance informative, qui vous tient \u00e0 c\u0153ur ! Nous avons le plaisir de vous inviter \u00e0&nbsp;un \u00e9v\u00e9nement en personne d\u00e9di\u00e9 \u00e0 tous les jeunes&nbsp;fonctionnaires f\u00e9d\u00e9raux de l\u2019Institut professionnel de la fonction publique du Canada (IPFPC), qui sont int\u00e9ress\u00e9s \u00e0 conna\u00eetre leur comit\u00e9 des jeunes de la r\u00e9gion du &hellip;<\/p>\n","protected":false},"author":12,"featured_media":0,"comment_status":"closed","ping_status":"closed","sticky":false,"template":"","format":"standard","meta":{"_acf_changed":false,"footnotes":""},"categories":[55,3],"group":[772],"region":[1580,466],"employer":[],"chapter":[],"class_list":["post-71543","post","type-post","status-publish","format-standard","hentry","category-annonces","category-non-categorise","group-afs-saguenay-qc-fr","region-que-mauricie-qc-fr","region-que-saguenay-lac-st-jean-qc-fr"],"acf":[],"_links":{"self":[{"href":"https:\/\/pipsc.ca\/fr\/wp-json\/wp\/v2\/posts\/71543","targetHints":{"allow":["GET"]}}],"collection":[{"href":"https:\/\/pipsc.ca\/fr\/wp-json\/wp\/v2\/posts"}],"about":[{"href":"https:\/\/pipsc.ca\/fr\/wp-json\/wp\/v2\/types\/post"}],"author":[{"embeddable":true,"href":"https:\/\/pipsc.ca\/fr\/wp-json\/wp\/v2\/users\/12"}],"replies":[{"embeddable":true,"href":"https:\/\/pipsc.ca\/fr\/wp-json\/wp\/v2\/comments?post=71543"}],"version-history":[{"count":1,"href":"https:\/\/pipsc.ca\/fr\/wp-json\/wp\/v2\/posts\/71543\/revisions"}],"predecessor-version":[{"id":71544,"href":"https:\/\/pipsc.ca\/fr\/wp-json\/wp\/v2\/posts\/71543\/revisions\/71544"}],"wp:attachment":[{"href":"https:\/\/pipsc.ca\/fr\/wp-json\/wp\/v2\/media?parent=71543"}],"wp:term":[{"taxonomy":"category","embeddable":true,"href":"https:\/\/pipsc.ca\/fr\/wp-json\/wp\/v2\/categories?post=71543"},{"taxonomy":"group","embeddable":true,"href":"https:\/\/pipsc.ca\/fr\/wp-json\/wp\/v2\/group?post=71543"},{"taxonomy":"region","embeddable":true,"href":"https:\/\/pipsc.ca\/fr\/wp-json\/wp\/v2\/region?post=71543"},{"taxonomy":"employer","embeddable":true,"href":"https:\/\/pipsc.ca\/fr\/wp-json\/wp\/v2\/employer?post=71543"},{"taxonomy":"chapter","embeddable":true,"href":"https:\/\/pipsc.ca\/fr\/wp-json\/wp\/v2\/chapter?post=71543"}],"curies":[{"name":"wp","href":"https:\/\/api.w.org\/{rel}","templated":true}]}}