{"id":67078,"date":"2026-03-13T00:28:26","date_gmt":"2026-03-13T00:28:26","guid":{"rendered":"https:\/\/pipsc.ca\/?p=67078"},"modified":"2026-04-22T12:59:14","modified_gmt":"2026-04-22T12:59:14","slug":"assemblee-generale-annuelle-2026-du-sous-groupe-vfs-de-summerside-23-avril-2026","status":"publish","type":"post","link":"https:\/\/pipsc.ca\/fr\/assemblee-generale-annuelle-2026-du-sous-groupe-vfs-de-summerside-23-avril-2026\/","title":{"rendered":"Assembl\u00e9e g\u00e9n\u00e9rale annuelle\u00a02026 du sous-groupe VFS de Summerside &#8211; 23 avril 2026"},"content":{"rendered":"<div class=\"post-intro-box\">\n  <div class=\"intro-content\">\n    Le sous-groupe VFS de Summerside tiendra son assembl\u00e9e g\u00e9n\u00e9rale annuelle le jeudi 23 avril 2026, de 18 h \u00e0 20 h, au Sherbrooke Community Centre, situ\u00e9 au 26998, chemin Sherbrooke, Sherbrooke (\u00ce.-P.-\u00c9.).\r\n\r\n\n  <\/div>\n  <div class=\"published-part text-sm text-gray-500 flex flex-wrap gap-2 items-center\">\n    <span>Publi\u00e9<\/span>\n    <time class=\"dt-published\" datetime=\"2026-03-13T00:28:26+00:00\">\n      mars 13, 2026\n    <\/time>\n    <span> | <\/span>\n    <span>Derni\u00e8re mise \u00e0 jour<\/span>\n    <span class=\"text-gray-700 font-medium\">\n      1 mois ago\n    <\/span>\n  <\/div>\n<\/div>\n\n\n<div class=\"container\">\n<p>L\u2019assembl\u00e9e g\u00e9n\u00e9rale annuelle du 23 avril a \u00e9t\u00e9 annul\u00e9e. Elle sera report\u00e9e \u00e0 une date ult\u00e9rieure.\u00a0<\/p>\n<\/div>\n\n<div class=\"container\">\n<p>Veuillez confirmer votre pr\u00e9sence en envoyant un courriel \u00e0&nbsp;<a href=\"mailto:lhill@pipsc.ca\">lhill@pipsc.ca<\/a>&nbsp;avant 16&nbsp;h le mercredi&nbsp;22&nbsp;avril 2026.<\/p>\n<\/div>\n\n<div class=\"container\">\n<p><br>Je me r\u00e9jouis de vous y voir!<\/p>\n<\/div>\n\n<div class=\"container\">\n<p>En toute solidarit\u00e9,<\/p>\n<\/div>\n\n<div class=\"container\">\n<p>Leslie Hill<\/p>\n<\/div>\n\n<div class=\"container\">\n<p>Pr\u00e9sidente du sous-groupe VFS de Summerside, IPFPC<\/p>\n<\/div>","protected":false},"excerpt":{"rendered":"<p>L\u2019assembl\u00e9e g\u00e9n\u00e9rale annuelle du 23 avril a \u00e9t\u00e9 annul\u00e9e. Elle sera report\u00e9e \u00e0 une date ult\u00e9rieure.\u00a0 Veuillez confirmer votre pr\u00e9sence en envoyant un courriel \u00e0&nbsp;lhill@pipsc.ca&nbsp;avant 16&nbsp;h le mercredi&nbsp;22&nbsp;avril 2026. Je me r\u00e9jouis de vous y voir! En toute solidarit\u00e9, Leslie Hill Pr\u00e9sidente du sous-groupe VFS de Summerside, IPFPC<\/p>\n","protected":false},"author":10000058516,"featured_media":0,"comment_status":"closed","ping_status":"closed","sticky":false,"template":"","format":"standard","meta":{"_acf_changed":false,"footnotes":""},"categories":[3],"group":[155,716],"region":[],"employer":[],"chapter":[],"class_list":["post-67078","post","type-post","status-publish","format-standard","hentry","category-non-categorise","group-groupe-verification-finances-et-sciences-fr","group-afs-summerside-ipe-fr"],"acf":[],"_links":{"self":[{"href":"https:\/\/pipsc.ca\/fr\/wp-json\/wp\/v2\/posts\/67078","targetHints":{"allow":["GET"]}}],"collection":[{"href":"https:\/\/pipsc.ca\/fr\/wp-json\/wp\/v2\/posts"}],"about":[{"href":"https:\/\/pipsc.ca\/fr\/wp-json\/wp\/v2\/types\/post"}],"author":[{"embeddable":true,"href":"https:\/\/pipsc.ca\/fr\/wp-json\/wp\/v2\/users\/10000058516"}],"replies":[{"embeddable":true,"href":"https:\/\/pipsc.ca\/fr\/wp-json\/wp\/v2\/comments?post=67078"}],"version-history":[{"count":2,"href":"https:\/\/pipsc.ca\/fr\/wp-json\/wp\/v2\/posts\/67078\/revisions"}],"predecessor-version":[{"id":72969,"href":"https:\/\/pipsc.ca\/fr\/wp-json\/wp\/v2\/posts\/67078\/revisions\/72969"}],"wp:attachment":[{"href":"https:\/\/pipsc.ca\/fr\/wp-json\/wp\/v2\/media?parent=67078"}],"wp:term":[{"taxonomy":"category","embeddable":true,"href":"https:\/\/pipsc.ca\/fr\/wp-json\/wp\/v2\/categories?post=67078"},{"taxonomy":"group","embeddable":true,"href":"https:\/\/pipsc.ca\/fr\/wp-json\/wp\/v2\/group?post=67078"},{"taxonomy":"region","embeddable":true,"href":"https:\/\/pipsc.ca\/fr\/wp-json\/wp\/v2\/region?post=67078"},{"taxonomy":"employer","embeddable":true,"href":"https:\/\/pipsc.ca\/fr\/wp-json\/wp\/v2\/employer?post=67078"},{"taxonomy":"chapter","embeddable":true,"href":"https:\/\/pipsc.ca\/fr\/wp-json\/wp\/v2\/chapter?post=67078"}],"curies":[{"name":"wp","href":"https:\/\/api.w.org\/{rel}","templated":true}]}}