{"id":67020,"date":"2026-03-13T00:01:45","date_gmt":"2026-03-13T00:01:45","guid":{"rendered":"https:\/\/pipsc.ca\/pipsc-afs-edmonton-subgroup-2026-annual-general-meeting-agm\/"},"modified":"2026-03-13T00:04:37","modified_gmt":"2026-03-13T00:04:37","slug":"pipsc-afs-edmonton-subgroup-2026-annual-general-meeting-agm","status":"publish","type":"post","link":"https:\/\/pipsc.ca\/fr\/pipsc-afs-edmonton-subgroup-2026-annual-general-meeting-agm\/","title":{"rendered":"Assembl\u00e9e g\u00e9n\u00e9rale annuelle (AGA) 2026"},"content":{"rendered":"<div class=\"post-intro-box\">\n  <div class=\"intro-content\">\n    Mercredi 15 avril 2026\r\nYang Ming Buffet\r\n3414\u2011118 Ave NW, Edmonton (Alberta) T5W 0J1\n  <\/div>\n  <div class=\"published-part text-sm text-gray-500 flex flex-wrap gap-2 items-center\">\n    <span>Publi\u00e9<\/span>\n    <time class=\"dt-published\" datetime=\"2026-03-13T00:01:45+00:00\">\n      mars 13, 2026\n    <\/time>\n    <span> | <\/span>\n    <span>Derni\u00e8re mise \u00e0 jour<\/span>\n    <span class=\"text-gray-700 font-medium\">\n      il y a 1 mois\n    <\/span>\n  <\/div>\n<\/div>\n\n\n<div class=\"container\">\n<p>Invit\u00e9 sp\u00e9cial&nbsp;:<br>Doug Mason, pr\u00e9sident du groupe&nbsp;VFS, IPFPC<\/p>\n<\/div>\n\n<div class=\"container\">\n<p><a><\/a>Horaire de l\u2019\u00e9v\u00e9nement<br>D\u00eener et boissons (d\u00eener gratuit et 2 boissons par membre) \u2014 17&nbsp;h<br>S\u00e9ance administrative \u2014 18&nbsp;h<br><br>Chaque membre pr\u00e9sent re\u00e7oit une carte-cadeau. Nous ferons tirer des prix de pr\u00e9sence \u00e0 la fin de la soir\u00e9e. Les membres doivent \u00eatre pr\u00e9sents pour recevoir la carte-cadeau et les prix.<\/p>\n<\/div>\n\n<div class=\"container\">\n<p><a><\/a>Information sur l\u2019inscription<br>Veuillez obtenir votre billet d\u2019entr\u00e9e \u00e0&nbsp;<a href=\"https:\/\/www.eventbrite.ca\/e\/2026-afs-edmonton-agm-tickets-1983881202080?aff=oddtdtcreator\" target=\"_blank\" rel=\"noopener\"><strong>l\u2019assembl\u00e9e g\u00e9n\u00e9rale annuelle 2026 (AGA) par le biais d\u2019Eventbrite<\/strong><\/a>&nbsp;avant le 8&nbsp;avril 2026 \u00e0 22&nbsp;h.<\/p>\n<\/div>\n\n<div class=\"container\">\n<ul class=\"wp-block-list\"><div class=\"container\">\n<li>Un billet par membre VFS.<\/li>\n<\/div>\n\n<div class=\"container\">\n<li>Chaque membre doit obtenir son propre billet.<\/li>\n<\/div><\/ul>\n<\/div>\n\n<div class=\"container\">\n<p><a><\/a>Si vous ne parvenez pas \u00e0 obtenir un billet en ligne, \u00e9crivez \u00e0&nbsp;<a href=\"mailto:afsedmonton@pipsc.ca\"><strong>afsedmonton@pipsc.ca<\/strong><\/a>.<br>Les inscriptions tardives peuvent \u00eatre accept\u00e9es en fonction de la capacit\u00e9 d\u2019accueil.<\/p>\n<\/div>\n\n<div class=\"container\">\n<h3 class=\"wp-block-heading\"><a><\/a>\u00c9lections<\/h3>\n<\/div>\n\n<div class=\"container\">\n<p>Des \u00e9lections auront lieu afin de pourvoir le poste de vice-pr\u00e9sident\u00b7e (mandat de deux ans).<\/p>\n<\/div>\n\n<div class=\"container\">\n<ul class=\"wp-block-list\"><div class=\"container\">\n<li>Les membres sont encourag\u00e9s \u00e0 poser leur candidature par courriel \u00e0\u00a0<a href=\"mailto:afsedmonton@pipsc.ca\"><strong>afsedmonton@pipsc.ca<\/strong><\/a><\/li>\n<\/div>\n\n<div class=\"container\">\n<li>Les candidatures seront \u00e9galement accept\u00e9es sur place \u00e0 l\u2019AGA.<\/li>\n<\/div><\/ul>\n<\/div>\n\n<div class=\"container\">\n<h3 class=\"wp-block-heading\"><a><\/a>Ex\u00e9cutif de 2025<\/h3>\n<\/div>\n\n<div class=\"container\">\n<ul class=\"wp-block-list\"><div class=\"container\">\n<li>Pr\u00e9sidence\u00a0: Mandeep Grewal<\/li>\n<\/div>\n\n<div class=\"container\">\n<li>Vice-pr\u00e9sidence\u00a0: Luda Orysik<\/li>\n<\/div>\n\n<div class=\"container\">\n<li>Tr\u00e9sorerie\u00a0: Irina Kazakova<\/li>\n<\/div>\n\n<div class=\"container\">\n<li>Secr\u00e9tariat\u00a0: Tina Josan<\/li>\n<\/div>\n\n<div class=\"container\">\n<li>Membre\u00a0: Julie Rahaman<\/li>\n<\/div>\n\n<div class=\"container\">\n<li>Membre\u00a0: Mario Aseoche<\/li>\n<\/div>\n\n<div class=\"container\">\n<li>Membre\u00a0: Pamela Tribiger<\/li>\n<\/div><\/ul>\n<\/div>\n\n<div class=\"container\">\n<h3 class=\"wp-block-heading\"><a><\/a>Remarques importantes<\/h3>\n<\/div>\n\n<div class=\"container\">\n<p>Veuillez noter cet \u00e9v\u00e9nement dans votre calendrier personnel, car aucun courriel de suivi ni rappel ne sera envoy\u00e9.<\/p>\n<\/div>\n\n<div class=\"container\">\n<p>Comme nous sommes engag\u00e9s financi\u00e8rement en fonction du nombre de membres inscrits, il est important que vous annuliez votre r\u00e9servation au moins une semaine avant l\u2019AGA si vous ne pouvez pas y assister.<br><br>Les absences entra\u00eenent des d\u00e9penses inutiles pay\u00e9es par vos cotisations syndicales. Il se peut que les membres qui n\u2019assistent pas \u00e0 l\u2019\u00e9v\u00e9nement ou qui ne nous informent pas de leur incapacit\u00e9 \u00e0 y assister se voient refuser de participer \u00e0 d\u2019autres \u00e9v\u00e9nements \u00e0 l\u2019avenir.<\/p>\n<\/div>","protected":false},"excerpt":{"rendered":"<p>Invit\u00e9 sp\u00e9cial&nbsp;:Doug Mason, pr\u00e9sident du groupe&nbsp;VFS, IPFPC Horaire de l\u2019\u00e9v\u00e9nementD\u00eener et boissons (d\u00eener gratuit et 2 boissons par membre) \u2014 17&nbsp;hS\u00e9ance administrative \u2014 18&nbsp;h Chaque membre pr\u00e9sent re\u00e7oit une carte-cadeau. Nous ferons tirer des prix de pr\u00e9sence \u00e0 la fin de la soir\u00e9e. Les membres doivent \u00eatre pr\u00e9sents pour recevoir la carte-cadeau et les prix. &hellip;<\/p>\n","protected":false},"author":10000058516,"featured_media":0,"comment_status":"closed","ping_status":"closed","sticky":false,"template":"","format":"standard","meta":{"_acf_changed":false,"footnotes":""},"categories":[3],"group":[155],"region":[2105],"employer":[],"chapter":[],"class_list":["post-67020","post","type-post","status-publish","format-standard","hentry","category-non-categorise","group-groupe-verification-finances-et-sciences-fr","region-prai-edmonton-ab-fr"],"acf":[],"_links":{"self":[{"href":"https:\/\/pipsc.ca\/fr\/wp-json\/wp\/v2\/posts\/67020","targetHints":{"allow":["GET"]}}],"collection":[{"href":"https:\/\/pipsc.ca\/fr\/wp-json\/wp\/v2\/posts"}],"about":[{"href":"https:\/\/pipsc.ca\/fr\/wp-json\/wp\/v2\/types\/post"}],"author":[{"embeddable":true,"href":"https:\/\/pipsc.ca\/fr\/wp-json\/wp\/v2\/users\/10000058516"}],"replies":[{"embeddable":true,"href":"https:\/\/pipsc.ca\/fr\/wp-json\/wp\/v2\/comments?post=67020"}],"version-history":[{"count":2,"href":"https:\/\/pipsc.ca\/fr\/wp-json\/wp\/v2\/posts\/67020\/revisions"}],"predecessor-version":[{"id":67023,"href":"https:\/\/pipsc.ca\/fr\/wp-json\/wp\/v2\/posts\/67020\/revisions\/67023"}],"wp:attachment":[{"href":"https:\/\/pipsc.ca\/fr\/wp-json\/wp\/v2\/media?parent=67020"}],"wp:term":[{"taxonomy":"category","embeddable":true,"href":"https:\/\/pipsc.ca\/fr\/wp-json\/wp\/v2\/categories?post=67020"},{"taxonomy":"group","embeddable":true,"href":"https:\/\/pipsc.ca\/fr\/wp-json\/wp\/v2\/group?post=67020"},{"taxonomy":"region","embeddable":true,"href":"https:\/\/pipsc.ca\/fr\/wp-json\/wp\/v2\/region?post=67020"},{"taxonomy":"employer","embeddable":true,"href":"https:\/\/pipsc.ca\/fr\/wp-json\/wp\/v2\/employer?post=67020"},{"taxonomy":"chapter","embeddable":true,"href":"https:\/\/pipsc.ca\/fr\/wp-json\/wp\/v2\/chapter?post=67020"}],"curies":[{"name":"wp","href":"https:\/\/api.w.org\/{rel}","templated":true}]}}