{"id":66944,"date":"2026-03-12T22:51:46","date_gmt":"2026-03-12T22:51:46","guid":{"rendered":"https:\/\/pipsc.ca\/notice-of-the-82nd-prairie-nwt-regional-council\/"},"modified":"2026-03-12T22:57:06","modified_gmt":"2026-03-12T22:57:06","slug":"notice-of-the-82nd-prairie-nwt-regional-council","status":"publish","type":"post","link":"https:\/\/pipsc.ca\/fr\/notice-of-the-82nd-prairie-nwt-regional-council\/","title":{"rendered":"Le 82e Conseil r\u00e9gional des Prairies et des Territoires du Nord-Ouest"},"content":{"rendered":"<div class=\"post-intro-box\">\n  <div class=\"intro-content\">\n    Quand : 12 et 13 juin 2026\r\nLieu : H\u00f4tel Matrix, Edmonton, Alberta\r\n\r\nLe 82e Conseil r\u00e9gional des Prairies et des Territoires du Nord-Ouest (CRP) se d\u00e9roulera sur une journ\u00e9e et demie, du vendredi 12 juin 2026 au samedi 13 juin 2026, \u00e0 l\u2019H\u00f4tel Matrix d\u2019Edmonton (Alberta).\n  <\/div>\n  <div class=\"published-part text-sm text-gray-500 flex flex-wrap gap-2 items-center\">\n    <span>Publi\u00e9<\/span>\n    <time class=\"dt-published\" datetime=\"2026-03-12T22:51:46+00:00\">\n      mars 12, 2026\n    <\/time>\n    <span> | <\/span>\n    <span>Derni\u00e8re mise \u00e0 jour<\/span>\n    <span class=\"text-gray-700 font-medium\">\n      il y a 1 mois\n    <\/span>\n  <\/div>\n<\/div>\n\n\n<div class=\"container\">\n<p>Les membres qui souhaitent participer au Conseil r\u00e9gional doivent contacter le\/la pr\u00e9sident\u00b7e de leur section au plus tard le 7 avril 2026.<\/p>\n<\/div>\n\n<div class=\"container\">\n<p>Les d\u00e9l\u00e9gu\u00e9\u00b7es sont choisis par les sections conform\u00e9ment aux statuts de la r\u00e9gion des Prairies et des Territoires du Nord-Ouest, en fonction du nombre de membres des sections au 31 d\u00e9cembre 2025.<\/p>\n<\/div>\n\n<div class=\"container\">\n<h3 class=\"wp-block-heading\"><strong>Modifications aux statuts<\/strong><\/h3>\n<\/div>\n\n<div class=\"container\">\n<p>Conform\u00e9ment aux statuts de la r\u00e9gion des Prairies et des Territoires du Nord-Ouest, les propositions de modification des statuts r\u00e9gionaux doivent \u00eatre soumises par \u00e9crit \u00e0 l\u2019ex\u00e9cutif r\u00e9gional.<\/p>\n<\/div>\n\n<div class=\"container\">\n<p>Veuillez transmettre toute proposition de modification des statuts \u00e0&nbsp;<strong>Prashila Chand (<\/strong><a href=\"mailto:pchand@pipsc.ca\"><strong>pchand@pipsc.ca<\/strong><\/a><strong>),&nbsp;<\/strong>administratrice du bureau r\u00e9gional des Prairies\/T.N.-O., au plus tard le&nbsp;<strong>vendredi&nbsp;8&nbsp;mai 2026<\/strong>.<\/p>\n<\/div>\n\n<div class=\"container\">\n<p>Les modifications aux statuts r\u00e9gionaux&nbsp;<strong>ne peuvent pas \u00eatre propos\u00e9es \u00e0 l\u2019assembl\u00e9e<\/strong>&nbsp;du Conseil r\u00e9gional.<\/p>\n<\/div>\n\n<div class=\"container\">\n<h3 class=\"wp-block-heading\"><a><\/a><strong>\u00c9lection de l\u2019ex\u00e9cutif r\u00e9gional<\/strong><\/h3>\n<\/div>\n\n<div class=\"container\">\n<p>Le poste de l\u2019ex\u00e9cutif r\u00e9gional suivant sera \u00e0 pourvoir durant la 82<sup>e<\/sup>&nbsp;r\u00e9union du Conseil r\u00e9gional des Prairies et des Territoires du Nord-Ouest&nbsp;:<\/p>\n<\/div>\n\n<div class=\"container\">\n<p><strong>Tr\u00e9sorier\u00b7\u00e8re \u2014 Mandat de deux ans<\/strong><\/p>\n<\/div>\n\n<div class=\"container\">\n<p>Conform\u00e9ment aux statuts de la r\u00e9gion des Prairies et des Territoires du Nord-Ouest, le\/la tr\u00e9sorier\u00b7\u00e8re est responsable de tenir les registres financiers de la r\u00e9gion, de rendre compte des finances r\u00e9gionales et d\u2019aider l\u2019ex\u00e9cutif r\u00e9gional \u00e0 g\u00e9rer les fonds r\u00e9gionaux.<\/p>\n<\/div>\n\n<div class=\"container\">\n<p>Les candidatures peuvent \u00eatre soumises \u00e0 l\u2019avance au Comit\u00e9 des \u00e9lections de cette ann\u00e9e&nbsp;:<\/p>\n<\/div>\n\n<div class=\"container\">\n<p>Terri Gobeil :&nbsp;<a href=\"mailto:tgobeil@pipsc.ca\">tgobeil@pipsc.ca<\/a><br>Corrie Barkley :&nbsp;<a href=\"mailto:cbarkley@pipsc.ca\">cbarkley@pipsc.ca<\/a><\/p>\n<\/div>\n\n<div class=\"container\">\n<p>Les candidatures peuvent \u00e9galement \u00eatre propos\u00e9es \u00e0 l\u2019assembl\u00e9e du Conseil r\u00e9gional, conform\u00e9ment aux statuts r\u00e9gionaux.<\/p>\n<\/div>\n\n<div class=\"container\">\n<h3 class=\"wp-block-heading\"><a><\/a><strong>Motions<\/strong><\/h3>\n<\/div>\n\n<div class=\"container\">\n<p>Toutes les motions<strong>&nbsp;<\/strong>\u00e0 d\u00e9battre au Conseil doivent \u00eatre envoy\u00e9es \u00e0 Prashila Chand, administratrice du bureau r\u00e9gional,&nbsp;<strong>au plus tard le vendredi&nbsp;22&nbsp;mai 2026<\/strong>, afin d\u2019\u00eatre publi\u00e9es dans le cartable virtuel.<\/p>\n<\/div>\n\n<div class=\"container\">\n<p>Les motions peuvent \u00e9galement \u00eatre pr\u00e9sent\u00e9es durant l\u2019assembl\u00e9e et doivent \u00eatre soumises par \u00e9crit au\/\u00e0 la pr\u00e9sident\u00b7e ou conseiller\u00b7\u00e8re d\u2019assembl\u00e9e.<\/p>\n<\/div>\n\n<div class=\"container\">\n<p>Si vous avez des questions concernant cet avis, veuillez contacter le&nbsp;<a href=\"https:\/\/pipsc.ca\/fr\/regions\/prairies\/bureau\"><strong>bureau r\u00e9gional des Prairies\/T.N.-O.<\/strong><\/a>&nbsp;ou la&nbsp;<a href=\"mailto:kreed@pipsc.ca\"><strong>directrice r\u00e9gionale<\/strong><\/a>.<\/p>\n<\/div>","protected":false},"excerpt":{"rendered":"<p>Les membres qui souhaitent participer au Conseil r\u00e9gional doivent contacter le\/la pr\u00e9sident\u00b7e de leur section au plus tard le 7 avril 2026. Les d\u00e9l\u00e9gu\u00e9\u00b7es sont choisis par les sections conform\u00e9ment aux statuts de la r\u00e9gion des Prairies et des Territoires du Nord-Ouest, en fonction du nombre de membres des sections au 31 d\u00e9cembre 2025. Modifications &hellip;<\/p>\n","protected":false},"author":10000058516,"featured_media":0,"comment_status":"closed","ping_status":"closed","sticky":false,"template":"","format":"standard","meta":{"_acf_changed":false,"footnotes":""},"categories":[3],"group":[],"region":[508],"employer":[],"chapter":[],"class_list":["post-66944","post","type-post","status-publish","format-standard","hentry","category-non-categorise","region-region-des-prairies-territoires-du-nord-ouest-fr"],"acf":[],"_links":{"self":[{"href":"https:\/\/pipsc.ca\/fr\/wp-json\/wp\/v2\/posts\/66944","targetHints":{"allow":["GET"]}}],"collection":[{"href":"https:\/\/pipsc.ca\/fr\/wp-json\/wp\/v2\/posts"}],"about":[{"href":"https:\/\/pipsc.ca\/fr\/wp-json\/wp\/v2\/types\/post"}],"author":[{"embeddable":true,"href":"https:\/\/pipsc.ca\/fr\/wp-json\/wp\/v2\/users\/10000058516"}],"replies":[{"embeddable":true,"href":"https:\/\/pipsc.ca\/fr\/wp-json\/wp\/v2\/comments?post=66944"}],"version-history":[{"count":3,"href":"https:\/\/pipsc.ca\/fr\/wp-json\/wp\/v2\/posts\/66944\/revisions"}],"predecessor-version":[{"id":66950,"href":"https:\/\/pipsc.ca\/fr\/wp-json\/wp\/v2\/posts\/66944\/revisions\/66950"}],"wp:attachment":[{"href":"https:\/\/pipsc.ca\/fr\/wp-json\/wp\/v2\/media?parent=66944"}],"wp:term":[{"taxonomy":"category","embeddable":true,"href":"https:\/\/pipsc.ca\/fr\/wp-json\/wp\/v2\/categories?post=66944"},{"taxonomy":"group","embeddable":true,"href":"https:\/\/pipsc.ca\/fr\/wp-json\/wp\/v2\/group?post=66944"},{"taxonomy":"region","embeddable":true,"href":"https:\/\/pipsc.ca\/fr\/wp-json\/wp\/v2\/region?post=66944"},{"taxonomy":"employer","embeddable":true,"href":"https:\/\/pipsc.ca\/fr\/wp-json\/wp\/v2\/employer?post=66944"},{"taxonomy":"chapter","embeddable":true,"href":"https:\/\/pipsc.ca\/fr\/wp-json\/wp\/v2\/chapter?post=66944"}],"curies":[{"name":"wp","href":"https:\/\/api.w.org\/{rel}","templated":true}]}}