{"id":63519,"date":"2024-02-27T00:00:00","date_gmt":"2024-02-27T00:00:00","guid":{"rendered":"https:\/\/pipsc.ca\/participez-a-un-evenement-virtuel-pour-la-journee-internationale-des-droits-des-femmes\/"},"modified":"2024-02-27T00:00:00","modified_gmt":"2024-02-27T00:00:00","slug":"participez-a-un-evenement-virtuel-pour-la-journee-internationale-des-droits-des-femmes","status":"publish","type":"post","link":"https:\/\/pipsc.ca\/fr\/participez-a-un-evenement-virtuel-pour-la-journee-internationale-des-droits-des-femmes\/","title":{"rendered":"Participez \u00e0 un \u00e9v\u00e9nement virtuel pour la Journ\u00e9e internationale des droits des femmes!"},"content":{"rendered":"<div class=\"container\">\n<p>\u00c0 l\u2019occasion de la Journ\u00e9e internationale des droits des femmes, nous ouvrons un espace de discussion honn\u00eate sur le mentorat et l\u2019autonomisation des femmes.&nbsp;<\/p>\n\n<p>Rejoignez Jennifer Carr, pr\u00e9sidente de l\u2019Institut, Laurie Antonin, vice-pr\u00e9sidente du NPD, et d&#8217;autres&nbsp;pour parler des obstacles auxquels les femmes sont confront\u00e9es sur le lieu de travail et de la mani\u00e8re dont nous pouvons nous donner les moyens de les surmonter ensemble.&nbsp;<\/p>\n\n<p><strong>Date et heure :<\/strong> Vendredi 8 mars, \u00e0 midi (HE)<\/p>\n\n<p><strong>Lieu :<\/strong> Sur Zoom<\/p>\n\n<p><a class=\"btn btn_primary\" href=\"https:\/\/pipsc.zoom.us\/webinar\/register\/WN_P70OFV4eS3aJjxui54dVyA\" target=\"_blank\" rel=\"noopener\">S\u2019inscrire maintenant <\/a><\/p>\n\n<p>Les femmes \u2014 en particulier celles issues de la diversit\u00e9 \u2014 sont sous-repr\u00e9sent\u00e9es \u00e0 tous les niveaux de direction, ainsi que dans certains secteurs d\u2019emploi. Que font les syndicats pour r\u00e9soudre ce probl\u00e8me et quel est le degr\u00e9 de r\u00e9ussite de nos strat\u00e9gies? Venez participer \u00e0 la discussion et c\u00e9l\u00e9brer les progr\u00e8s que nous avons r\u00e9alis\u00e9s et notre vision de l\u2019avenir des femmes sur le lieu de travail.<\/p>\n\n<p>Pour toute question, \u00e9crivez-nous \u00e0 <strong>bienmieuxensemble@ipfpc.ca<\/strong>.<\/p>\n\n<p>Au plaisir de vous y voir!&nbsp;<\/p>\n<\/div>","protected":false},"excerpt":{"rendered":"<p>\u00c0 l\u2019occasion de la Journ\u00e9e internationale des droits des femmes, nous ouvrons un espace de discussion honn\u00eate sur le mentorat et l\u2019autonomisation des femmes.&nbsp; Rejoignez Jennifer Carr, pr\u00e9sidente de l\u2019Institut, Laurie Antonin, vice-pr\u00e9sidente du NPD, et d&#8217;autres&nbsp;pour parler des obstacles auxquels les femmes sont confront\u00e9es sur le lieu de travail et de la mani\u00e8re dont &hellip;<\/p>\n","protected":false},"author":9,"featured_media":0,"comment_status":"open","ping_status":"open","sticky":false,"template":"","format":"standard","meta":{"_acf_changed":false,"footnotes":""},"categories":[55],"group":[],"region":[],"employer":[],"chapter":[],"class_list":["post-63519","post","type-post","status-publish","format-standard","hentry","category-annonces"],"acf":[],"_links":{"self":[{"href":"https:\/\/pipsc.ca\/fr\/wp-json\/wp\/v2\/posts\/63519","targetHints":{"allow":["GET"]}}],"collection":[{"href":"https:\/\/pipsc.ca\/fr\/wp-json\/wp\/v2\/posts"}],"about":[{"href":"https:\/\/pipsc.ca\/fr\/wp-json\/wp\/v2\/types\/post"}],"author":[{"embeddable":true,"href":"https:\/\/pipsc.ca\/fr\/wp-json\/wp\/v2\/users\/9"}],"replies":[{"embeddable":true,"href":"https:\/\/pipsc.ca\/fr\/wp-json\/wp\/v2\/comments?post=63519"}],"version-history":[{"count":0,"href":"https:\/\/pipsc.ca\/fr\/wp-json\/wp\/v2\/posts\/63519\/revisions"}],"wp:attachment":[{"href":"https:\/\/pipsc.ca\/fr\/wp-json\/wp\/v2\/media?parent=63519"}],"wp:term":[{"taxonomy":"category","embeddable":true,"href":"https:\/\/pipsc.ca\/fr\/wp-json\/wp\/v2\/categories?post=63519"},{"taxonomy":"group","embeddable":true,"href":"https:\/\/pipsc.ca\/fr\/wp-json\/wp\/v2\/group?post=63519"},{"taxonomy":"region","embeddable":true,"href":"https:\/\/pipsc.ca\/fr\/wp-json\/wp\/v2\/region?post=63519"},{"taxonomy":"employer","embeddable":true,"href":"https:\/\/pipsc.ca\/fr\/wp-json\/wp\/v2\/employer?post=63519"},{"taxonomy":"chapter","embeddable":true,"href":"https:\/\/pipsc.ca\/fr\/wp-json\/wp\/v2\/chapter?post=63519"}],"curies":[{"name":"wp","href":"https:\/\/api.w.org\/{rel}","templated":true}]}}