{"id":63433,"date":"2023-11-27T00:00:00","date_gmt":"2023-11-27T00:00:00","guid":{"rendered":"https:\/\/pipsc.ca\/alexandre-boulerice-porte-parole-du-npd-en-matiere-de-travail-compte-sur-les-membres-de-linstitut-pour-lutter-contre-le-climat-politique-malsain\/"},"modified":"2023-11-27T00:00:00","modified_gmt":"2023-11-27T00:00:00","slug":"alexandre-boulerice-porte-parole-du-npd-en-matiere-de-travail-compte-sur-les-membres-de-linstitut-pour-lutter-contre-le-climat-politique-malsain","status":"publish","type":"post","link":"https:\/\/pipsc.ca\/fr\/alexandre-boulerice-porte-parole-du-npd-en-matiere-de-travail-compte-sur-les-membres-de-linstitut-pour-lutter-contre-le-climat-politique-malsain\/","title":{"rendered":"Alexandre Boulerice, porte-parole du NPD en mati\u00e8re de travail, compte sur les membres de l\u2019Institut pour lutter contre le climat politique malsain"},"content":{"rendered":"<div class=\"container\">\n<p>Les d\u00e9l\u00e9gu\u00e9s \u00e0 l\u2019AGA ont accueilli un ami du syndicat, Alexandre Boulerice, d\u00e9put\u00e9 et porte-parole du NPD en mati\u00e8re de travail, pour discuter ouvertement du lien entre la situation politique internationale et le r\u00f4le des membres en tant que chercheur\u00b7es, scientifiques et professionnel\u00b7les employ\u00e9\u00b7es par le gouvernement.&nbsp;<\/p>\n\n<p><img decoding=\"async\" alt=\"Alexandre Boulerice\" data-entity-type=\"file\" data-entity-uuid=\"e1074e15-243d-4306-bef9-1fa444c8a36a\" src=\"\/sites\/default\/files\/inline-images\/NOV27_0428-900px_0.jpg\" \/><\/p>\n\n<p>Alexandre a prononc\u00e9 un discours devant les d\u00e9l\u00e9gu\u00e9\u00b7es, suivi d\u2019une p\u00e9riode de questions pos\u00e9es par les membres qui participaient \u00e0 l\u2019\u00e9v\u00e9nement en personne et en ligne.<\/p>\n\n<p>Dans son discours, Alexandre a parl\u00e9 des membres de l\u2019IPFPC et de leur r\u00f4le important dans le fonctionnement des services publics f\u00e9d\u00e9raux et de la vie d\u00e9mocratique du pays. Les membres m\u00e8nent des \u00e9tudes importantes et ont \u00e9t\u00e9 \u00e0 l\u2019avant-garde d\u2019actions syndicales majeures dans la fonction publique.<\/p>\n\n<p>Alexandre a parl\u00e9 du contexte politique incertain et fragile que nous vivons actuellement. Nous constatons des tendances populistes et d\u2019extr\u00eame droite dans les pays occidentaux, y compris au Canada, o\u00f9 nous faisons face \u00e0 la mont\u00e9e en puissance des id\u00e9es de Pierre Poilievre.<\/p>\n\n<p>Les syndicats et leurs membres ont la responsabilit\u00e9 de pr\u00e9senter des r\u00e9alit\u00e9s objectives et de mener des d\u00e9bats d\u00e9mocratiques et respectueux. Il reste beaucoup \u00e0 faire pour contrer ces tendances. C\u2019est \u00e0 nous de nous organiser et de nous mobiliser pour ramener les faits, les \u00e9tudes et la science dans les d\u00e9bats publics. En travaillant ensemble, nous continuerons \u00e0 faire la diff\u00e9rence, \u00e0 prot\u00e9ger les services publics, \u00e0 d\u00e9fendre les droits syndicaux, \u00e0 d\u00e9fendre les droits de la personne et \u00e0 veiller \u00e0 ce que nous vivions dans une soci\u00e9t\u00e9 juste, respectueuse et \u00e9quitable.<\/p>\n\n<p>Au cours de la p\u00e9riode de questions, Alexandre et les d\u00e9l\u00e9gu\u00e9\u00b7es ont discut\u00e9 de la mise en \u0153uvre anticip\u00e9e du projet de loi anti-briseurs de gr\u00e8ve, des collaborations futures entre son travail et le syndicat, de la pr\u00e9paration des prochaines \u00e9lections f\u00e9d\u00e9rales et de la lutte contre la l\u00e9gislation sur le retour au bureau.<\/p>\n\n<p>Alexandre Boulerice est d\u00e9put\u00e9 de la circonscription de Rosemont-La Petite-Patrie, au Qu\u00e9bec. Il se bat pour la justice sociale et environnementale depuis qu\u2019il est devenu d\u00e9put\u00e9 f\u00e9d\u00e9ral il y a douze ans. En plus d\u2019\u00eatre leader adjoint du parti, Alexandre est le porte-parole du NPD en mati\u00e8re de travail et m\u00e8ne la lutte pour l\u2019adoption d\u2019un projet de loi anti-briseurs de gr\u00e8ve au niveau f\u00e9d\u00e9ral. Fier Qu\u00e9b\u00e9cois et syndicaliste, il s\u2019est fait conna\u00eetre par son franc-parler et sa d\u00e9termination \u00e0 faire entendre la voix du mouvement syndical progressiste qu\u00e9b\u00e9cois.<\/p>\n<\/div>","protected":false},"excerpt":{"rendered":"<p>Les d\u00e9l\u00e9gu\u00e9s \u00e0 l\u2019AGA ont accueilli un ami du syndicat, Alexandre Boulerice, d\u00e9put\u00e9 et porte-parole du NPD en mati\u00e8re de travail, pour discuter ouvertement du lien entre la situation politique internationale et le r\u00f4le des membres en tant que chercheur\u00b7es, scientifiques et professionnel\u00b7les employ\u00e9\u00b7es par le gouvernement.&nbsp; Alexandre a prononc\u00e9 un discours devant les d\u00e9l\u00e9gu\u00e9\u00b7es, &hellip;<\/p>\n","protected":false},"author":9,"featured_media":0,"comment_status":"open","ping_status":"open","sticky":false,"template":"","format":"standard","meta":{"_acf_changed":false,"footnotes":""},"categories":[2441,68],"group":[],"region":[],"employer":[],"chapter":[],"class_list":["post-63433","post","type-post","status-publish","format-standard","hentry","category-aga-2023","category-assemblee-generale-annuelle"],"acf":[],"_links":{"self":[{"href":"https:\/\/pipsc.ca\/fr\/wp-json\/wp\/v2\/posts\/63433","targetHints":{"allow":["GET"]}}],"collection":[{"href":"https:\/\/pipsc.ca\/fr\/wp-json\/wp\/v2\/posts"}],"about":[{"href":"https:\/\/pipsc.ca\/fr\/wp-json\/wp\/v2\/types\/post"}],"author":[{"embeddable":true,"href":"https:\/\/pipsc.ca\/fr\/wp-json\/wp\/v2\/users\/9"}],"replies":[{"embeddable":true,"href":"https:\/\/pipsc.ca\/fr\/wp-json\/wp\/v2\/comments?post=63433"}],"version-history":[{"count":0,"href":"https:\/\/pipsc.ca\/fr\/wp-json\/wp\/v2\/posts\/63433\/revisions"}],"wp:attachment":[{"href":"https:\/\/pipsc.ca\/fr\/wp-json\/wp\/v2\/media?parent=63433"}],"wp:term":[{"taxonomy":"category","embeddable":true,"href":"https:\/\/pipsc.ca\/fr\/wp-json\/wp\/v2\/categories?post=63433"},{"taxonomy":"group","embeddable":true,"href":"https:\/\/pipsc.ca\/fr\/wp-json\/wp\/v2\/group?post=63433"},{"taxonomy":"region","embeddable":true,"href":"https:\/\/pipsc.ca\/fr\/wp-json\/wp\/v2\/region?post=63433"},{"taxonomy":"employer","embeddable":true,"href":"https:\/\/pipsc.ca\/fr\/wp-json\/wp\/v2\/employer?post=63433"},{"taxonomy":"chapter","embeddable":true,"href":"https:\/\/pipsc.ca\/fr\/wp-json\/wp\/v2\/chapter?post=63433"}],"curies":[{"name":"wp","href":"https:\/\/api.w.org\/{rel}","templated":true}]}}