{"id":63285,"date":"2022-11-19T00:00:00","date_gmt":"2022-11-19T00:00:00","guid":{"rendered":"https:\/\/pipsc.ca\/hommage-aux-delegues-syndicaux-de-lannee-4\/"},"modified":"2022-11-19T00:00:00","modified_gmt":"2022-11-19T00:00:00","slug":"hommage-aux-delegues-syndicaux-de-lannee-4","status":"publish","type":"post","link":"https:\/\/pipsc.ca\/fr\/hommage-aux-delegues-syndicaux-de-lannee-4\/","title":{"rendered":"Hommage aux d\u00e9l\u00e9gu\u00e9s syndicaux de l\u2019ann\u00e9e"},"content":{"rendered":"<div class=\"container\">\n<p>Le Prix du d\u00e9l\u00e9gu\u00e9 syndical de l\u2019ann\u00e9e r\u00e9compense ceux et celles qui se sont d\u00e9vou\u00e9s de mani\u00e8re exceptionnelle pour aider les membres et qui ont contribu\u00e9 de fa\u00e7on remarquable aux&nbsp;activit\u00e9s de l\u2019Institut. Les d\u00e9l\u00e9gu\u00e9s syndicals de l&#8217;ann\u00e9e 2020 et 2021 se sont adress\u00e9s aux d\u00e9l\u00e9gu\u00e9s de l&#8217;AGA par vid\u00e9o.<\/p>\n\n<div class=\"videodetector\"><iframe src=\"https:\/\/www.youtube.com\/embed\/dX8HhW4rn38?autohide=1&amp;controls=1&amp;showinfo=0\"><\/iframe><\/div>\n\n<p>Les directeurs r\u00e9gionaux ont pr\u00e9sent\u00e9 leurs d\u00e9l\u00e9gu\u00e9s syndicaux de l\u2019ann\u00e9e sur vid\u00e9o. La Pr\u00e9sidente Carr a \u00e9galement pr\u00e9sent\u00e9 \u00e0 l&#8217;AGA la toute premi\u00e8re d\u00e9l\u00e9gu\u00e9e syndicale nationale : Judith LeBlanc.<\/p>\n\n<p>&nbsp;<\/p>\n\n<p><strong>D\u00e9l<\/strong><strong>\u00e9gu\u00e9e syndicale en chef nationale<\/strong><\/p>\n\n<p><strong>&nbsp;<\/strong><\/p>\n<img decoding=\"async\" alt=\"Judith LeBlanc\" data-caption=\"Judith LeBlanc&lt;br \/&gt;\n\u200b\" data-entity-type=\"file\" data-entity-uuid=\"defc2f04-b45c-4fac-9a1c-0542c4fe3970\" src=\"\/sites\/default\/files\/inline-images\/3W3A3910_2.JPG\" \/>\n<p><strong>D\u00e9l\u00e9gu\u00e9s syndicaux de l\u2019ann\u00e9e&nbsp;2022<\/strong><\/p>\n<img decoding=\"async\" alt=\"Tony Chubbs\" data-caption=\"Tony Chubbs\" data-entity-type=\"file\" data-entity-uuid=\"98b369c6-76ab-4319-a214-0fbee27871ae\" src=\"\/sites\/default\/files\/inline-images\/Atlantic.JPG\" \/>\n<p>R\u00e9gion de l\u2019Atlantique&nbsp;: Tony Chubbs (SP)<\/p>\n<img decoding=\"async\" alt=\"Karine R\u00e9gimbald\" data-caption=\"Karine R\u00e9gimbald\" data-entity-type=\"file\" data-entity-uuid=\"8ff690d5-b27f-4630-bfce-34973e27bf9a\" src=\"\/sites\/default\/files\/inline-images\/Quebec_2.JPG\" \/>\n<p>R\u00e9gion du Qu\u00e9bec&nbsp;: Karine R\u00e9gimbald (SH)<\/p>\n<img decoding=\"async\" alt=\"Fred Jamieson\" data-caption=\"Fred Jamieson\" data-entity-type=\"file\" data-entity-uuid=\"c73b0c1e-0255-48d9-b44d-46b90e26eb31\" src=\"\/sites\/default\/files\/inline-images\/NCR_4.JPG\" \/>\n<p>R\u00e9gion de la capitale nationale&nbsp;: Fred Jamieson (ACIA-S&amp;A)<\/p>\n<img decoding=\"async\" alt=\"Kevin Jacobs\" data-caption=\"Kevin Jacobs\" data-entity-type=\"file\" data-entity-uuid=\"ad71b26f-3620-442f-8431-c13f4d0bd257\" src=\"\/sites\/default\/files\/inline-images\/Praires_5.JPG\" \/>\n<p>R\u00e9gion des Prairies et des Territoires du Nord-Ouest&nbsp;: Kevin Jacobs (SP)<\/p>\n<img decoding=\"async\" alt=\"Phil Johnson\" data-caption=\"Phil Johnson\" data-entity-type=\"file\" data-entity-uuid=\"a265a671-c188-4f5d-9f01-2d2cf2ab3d1a\" src=\"\/sites\/default\/files\/inline-images\/BC-Yukon_Phil_Johnson_2.jpg\" \/>\n<p>R\u00e9gion de la C.-B. et du Yukon&nbsp;: Phil Johnson (SH)<\/p>\n\n<p>&nbsp;<\/p>\n\n<p>&nbsp;<\/p>\n\n<p>&nbsp;<\/p>\n<\/div>","protected":false},"excerpt":{"rendered":"<p>Le Prix du d\u00e9l\u00e9gu\u00e9 syndical de l\u2019ann\u00e9e r\u00e9compense ceux et celles qui se sont d\u00e9vou\u00e9s de mani\u00e8re exceptionnelle pour aider les membres et qui ont contribu\u00e9 de fa\u00e7on remarquable aux&nbsp;activit\u00e9s de l\u2019Institut. Les d\u00e9l\u00e9gu\u00e9s syndicals de l&#8217;ann\u00e9e 2020 et 2021 se sont adress\u00e9s aux d\u00e9l\u00e9gu\u00e9s de l&#8217;AGA par vid\u00e9o. Les directeurs r\u00e9gionaux ont pr\u00e9sent\u00e9 leurs &hellip;<\/p>\n","protected":false},"author":9,"featured_media":0,"comment_status":"open","ping_status":"open","sticky":false,"template":"","format":"standard","meta":{"_acf_changed":false,"footnotes":""},"categories":[2440,68],"group":[],"region":[],"employer":[],"chapter":[],"class_list":["post-63285","post","type-post","status-publish","format-standard","hentry","category-aga-2022","category-assemblee-generale-annuelle"],"acf":[],"_links":{"self":[{"href":"https:\/\/pipsc.ca\/fr\/wp-json\/wp\/v2\/posts\/63285","targetHints":{"allow":["GET"]}}],"collection":[{"href":"https:\/\/pipsc.ca\/fr\/wp-json\/wp\/v2\/posts"}],"about":[{"href":"https:\/\/pipsc.ca\/fr\/wp-json\/wp\/v2\/types\/post"}],"author":[{"embeddable":true,"href":"https:\/\/pipsc.ca\/fr\/wp-json\/wp\/v2\/users\/9"}],"replies":[{"embeddable":true,"href":"https:\/\/pipsc.ca\/fr\/wp-json\/wp\/v2\/comments?post=63285"}],"version-history":[{"count":0,"href":"https:\/\/pipsc.ca\/fr\/wp-json\/wp\/v2\/posts\/63285\/revisions"}],"wp:attachment":[{"href":"https:\/\/pipsc.ca\/fr\/wp-json\/wp\/v2\/media?parent=63285"}],"wp:term":[{"taxonomy":"category","embeddable":true,"href":"https:\/\/pipsc.ca\/fr\/wp-json\/wp\/v2\/categories?post=63285"},{"taxonomy":"group","embeddable":true,"href":"https:\/\/pipsc.ca\/fr\/wp-json\/wp\/v2\/group?post=63285"},{"taxonomy":"region","embeddable":true,"href":"https:\/\/pipsc.ca\/fr\/wp-json\/wp\/v2\/region?post=63285"},{"taxonomy":"employer","embeddable":true,"href":"https:\/\/pipsc.ca\/fr\/wp-json\/wp\/v2\/employer?post=63285"},{"taxonomy":"chapter","embeddable":true,"href":"https:\/\/pipsc.ca\/fr\/wp-json\/wp\/v2\/chapter?post=63285"}],"curies":[{"name":"wp","href":"https:\/\/api.w.org\/{rel}","templated":true}]}}