{"id":63283,"date":"2022-11-19T00:00:00","date_gmt":"2022-11-19T00:00:00","guid":{"rendered":"https:\/\/pipsc.ca\/mot-de-la-fin-de-la-presidente-2\/"},"modified":"2022-11-19T00:00:00","modified_gmt":"2022-11-19T00:00:00","slug":"mot-de-la-fin-de-la-presidente-2","status":"publish","type":"post","link":"https:\/\/pipsc.ca\/fr\/mot-de-la-fin-de-la-presidente-2\/","title":{"rendered":"Mot de la fin de la pr\u00e9sidente"},"content":{"rendered":"<div class=\"container\">\n<p><strong>Mot de la fin de la pr\u00e9sidente<\/strong><\/p>\n\n<p>\u00c0 17 h 20 le samedi 19 novembre 2022, la pr\u00e9sidente de l\u2019IPFPC, Jenn Carr, est retourn\u00e9e au podium pour prononcer le mot de la fin.<\/p>\n\n<p>La pr\u00e9sidente Carr a remerci\u00e9 les d\u00e9l\u00e9gu\u00e9s d\u2019avoir particip\u00e9 aux d\u00e9bats et de s\u2019\u00eatre int\u00e9ress\u00e9s aux affaires de l\u2019Institut. Elle a \u00e9galement remerci\u00e9 le president de l\u2019AGA, Lucienne Bahuaud&nbsp;et la conseill\u00e8re d\u2019assembl\u00e9e, Nancy McCune, qui l\u2019a si bien assist\u00e9.&nbsp; La pr\u00e9sidente Carr a soulign\u00e9 \u00e9galement les efforts du personnel de l\u2019Institut, qui ont grandement contribu\u00e9 au succ\u00e8s de l\u2019\u00e9v\u00e9nement.<\/p>\n\n<p>En guise de conclusion, la pr\u00e9sidente a pr\u00e9sent\u00e9 une br\u00e8ve vid\u00e9o&nbsp;soulignant les faits saillants de la 103<sup>e<\/sup>&nbsp;assembl\u00e9e g\u00e9n\u00e9rale annuelle.<\/p>\n\n<div class=\"videodetector\"><iframe frameborder=\"0\" src=\"https:\/\/www.youtube.com\/embed\/LvwbGwrXYqc?autohide=1&amp;controls=1&amp;showinfo=0\"><\/iframe><input class=\"remove-videodetector\" type=\"button\" value=\"Remove video\" \/><\/div>\n\n<p>&nbsp;<\/p>\n<\/div>","protected":false},"excerpt":{"rendered":"<p>Mot de la fin de la pr\u00e9sidente \u00c0 17 h 20 le samedi 19 novembre 2022, la pr\u00e9sidente de l\u2019IPFPC, Jenn Carr, est retourn\u00e9e au podium pour prononcer le mot de la fin. La pr\u00e9sidente Carr a remerci\u00e9 les d\u00e9l\u00e9gu\u00e9s d\u2019avoir particip\u00e9 aux d\u00e9bats et de s\u2019\u00eatre int\u00e9ress\u00e9s aux affaires de l\u2019Institut. Elle a \u00e9galement &hellip;<\/p>\n","protected":false},"author":9,"featured_media":0,"comment_status":"open","ping_status":"open","sticky":false,"template":"","format":"standard","meta":{"_acf_changed":false,"footnotes":""},"categories":[2440,68],"group":[],"region":[],"employer":[],"chapter":[],"class_list":["post-63283","post","type-post","status-publish","format-standard","hentry","category-aga-2022","category-assemblee-generale-annuelle"],"acf":[],"_links":{"self":[{"href":"https:\/\/pipsc.ca\/fr\/wp-json\/wp\/v2\/posts\/63283","targetHints":{"allow":["GET"]}}],"collection":[{"href":"https:\/\/pipsc.ca\/fr\/wp-json\/wp\/v2\/posts"}],"about":[{"href":"https:\/\/pipsc.ca\/fr\/wp-json\/wp\/v2\/types\/post"}],"author":[{"embeddable":true,"href":"https:\/\/pipsc.ca\/fr\/wp-json\/wp\/v2\/users\/9"}],"replies":[{"embeddable":true,"href":"https:\/\/pipsc.ca\/fr\/wp-json\/wp\/v2\/comments?post=63283"}],"version-history":[{"count":0,"href":"https:\/\/pipsc.ca\/fr\/wp-json\/wp\/v2\/posts\/63283\/revisions"}],"wp:attachment":[{"href":"https:\/\/pipsc.ca\/fr\/wp-json\/wp\/v2\/media?parent=63283"}],"wp:term":[{"taxonomy":"category","embeddable":true,"href":"https:\/\/pipsc.ca\/fr\/wp-json\/wp\/v2\/categories?post=63283"},{"taxonomy":"group","embeddable":true,"href":"https:\/\/pipsc.ca\/fr\/wp-json\/wp\/v2\/group?post=63283"},{"taxonomy":"region","embeddable":true,"href":"https:\/\/pipsc.ca\/fr\/wp-json\/wp\/v2\/region?post=63283"},{"taxonomy":"employer","embeddable":true,"href":"https:\/\/pipsc.ca\/fr\/wp-json\/wp\/v2\/employer?post=63283"},{"taxonomy":"chapter","embeddable":true,"href":"https:\/\/pipsc.ca\/fr\/wp-json\/wp\/v2\/chapter?post=63283"}],"curies":[{"name":"wp","href":"https:\/\/api.w.org\/{rel}","templated":true}]}}