{"id":63261,"date":"2022-08-25T00:00:00","date_gmt":"2022-08-25T00:00:00","guid":{"rendered":"https:\/\/pipsc.ca\/aga-2022-fiche-dinformation\/"},"modified":"2022-08-25T00:00:00","modified_gmt":"2022-08-25T00:00:00","slug":"aga-2022-fiche-dinformation","status":"publish","type":"post","link":"https:\/\/pipsc.ca\/fr\/aga-2022-fiche-dinformation\/","title":{"rendered":"AGA 2022 &#8211; Fiche d&#8217;information"},"content":{"rendered":"<div class=\"container\">\n<div class=\"parser_start\">\n<p><strong>Date et heure&nbsp;<\/strong><br \/>\n<br \/>\n18 novembre, 8 h 30 &#8211; 19 novembre 2022, 17 h, heure de l\u2019Est (les heures sont approximatives). L\u2019ordre du jour et l\u2019horaire des \u00e9v\u00e9nements de l\u2019AGA seront publi\u00e9s sur le <a href=\"https:\/\/pipsc.ca\/fr\/a-propos\/gouvernance\/aga\/2022\"><u>site Web de l\u2019Institut<\/u><\/a> d\u00e8s qu\u2019ils seront disponibles.&nbsp;<\/p>\n\n<p><strong>Lieu<\/strong><br \/>\n<br \/>\nMontr\u00e9al (Qu\u00e9bec)<\/p>\n\n<p><strong>H\u00f4tel \/ Lieu de la r\u00e9union<\/strong><br \/>\n<br \/>\nL\u2019AGA 2022 aura lieu \u00e0 <a href=\"https:\/\/goo.gl\/maps\/JbFvH4xwTLiA8Apu7\" target=\"_blank\" rel=\"noopener\"><u>l\u2019h\u00f4tel Le Centre Sheraton Montr\u00e9al, au 1201, boul. Ren\u00e9-L\u00e9vesque Ouest, Montr\u00e9al (Qu\u00e9bec) H3B 2L7<\/u>,<\/a> \u00e0 la salle de bal du 4<sup>e<\/sup> \u00e9tage.<\/p>\n\n<p>L\u2019accueil au Centre Sheraton Montr\u00e9al se fera selon le principe du premier arriv\u00e9, premier servi. Nous recevrons les d\u00e9l\u00e9gu\u00e9\u00b7e\u00b7s, le personnel et ensuite les observateurs(-trices), dans cet ordre.&nbsp;<\/p>\n\n<p>Les d\u00e9l\u00e9gu\u00e9\u00b7e\u00b7s et les observateurs(-trices) s\u2019inscriront au comptoir r\u00e9serv\u00e9 \u00e0 l\u2019AGA. Les membres ayant des questions g\u00e9n\u00e9rales sur l\u2019AGA peuvent se rendre au bureau d\u2019information de l\u2019AGA.<\/p>\n\n<div>\n<table>\n\t<tbody>\n\t\t<tr>\n\t\t\t<td>\n\t\t\t<p><strong>Comptoir d\u2019inscription de l\u2019AGA, 4e \u00e9tage<\/strong><\/p>\n\n\t\t\t<p><u>Heures d\u2019ouverture<\/u><\/p>\n\n\t\t\t<p>Jeudi 17 novembre, de 16 h \u00e0 21 h&nbsp;<\/p>\n\n\t\t\t<p>Vendredi 18 novembre , de 7 h \u00e0 16 h<\/p>\n\n\t\t\t<p>Samedi 19 novembre, de 8 h \u00e0 16 h<\/p>\n\t\t\t<\/td>\n\t\t\t<td>\n\t\t\t<p><strong>Comptoir d\u2019inscription de l\u2019AGA, 4e \u00e9tage<\/strong><\/p>\n\n\t\t\t<p><u>Heures d\u2019ouverture<\/u><\/p>\n\n\t\t\t<p>Jeudi 17 novembre, de 16 h \u00e0 21 h&nbsp;<\/p>\n\n\t\t\t<p>Vendredi 18 novembre, de 7 h \u00e0 16 h<\/p>\n\n\t\t\t<p>Samedi 19 novembre, de 8 h \u00e0 16 h<\/p>\n\t\t\t<\/td>\n\t\t<\/tr>\n\t<\/tbody>\n<\/table>\n\n<p>&nbsp;<\/p>\n\n<p>Le stationnement est inclus pour les client\u00b7e\u00b7s qui s\u00e9journent \u00e0 l\u2019h\u00f4tel Centre Sheraton Montr\u00e9al, et ce,<\/p>\n\n<p>en fonction des places disponibles dans le parc. Les membres peuvent demander les tarifs de<\/p>\n\n<p>stationnement \u00e0 l\u2019h\u00f4tel, si elles ou s\u2019ils ne sont pas des client\u00b7e\u00b7s qui passent la nuit \u00e0 l\u2019h\u00f4tel et qui<\/p>\n\n<p>stationnent leur v\u00e9hicule dans l\u2019un des parcs de stationnement indiqu\u00e9s ci-dessous.<\/p>\n\n<p><strong>Stationnement <\/strong>\u00e0 proximit\u00e9 de l\u2019h\u00f4tel si le stationnement de l\u2019h\u00f4tel Sheraton Montr\u00e9al est plein :<\/p>\n\n<p><strong>Stationnement Sup\u00e9rieur Lt\u00e9e<\/strong><\/p>\n\n<p>1245, rue Stanley, Montr\u00e9al QC&nbsp; H3B 2T1<\/p>\n\n<p><a href=\"514-861-9936\">514-861-9936<\/a><\/p>\n\n<p>&nbsp;<\/p>\n\n<p><strong>Safeway<\/strong><\/p>\n\n<p>1155, boulevard Ren\u00e9-L\u00e9vesque O., Montr\u00e9al QC&nbsp; H3B 3X7<\/p>\n\n<p><a href=\"514-845-2447\">514-845-2447<\/a><\/p>\n\n<p><a href=\"http:\/\/www.safeway-parking.com\/\" target=\"_blank\" rel=\"noopener\">safeway-parking.com<\/a><\/p>\n\n<p>&nbsp;<\/p>\n\n<p><strong>Stationnement Indigo Montr\u00e9al<\/strong><\/p>\n\n<p>1100, boulevard Ren\u00e9-L\u00e9vesque Ouest, Montr\u00e9al QC&nbsp; H3B 5H5<\/p>\n\n<p><a href=\"514-937-5911\">514-937-5911<\/a><\/p>\n\n<p><a href=\"https:\/\/www.westpark.com\/fr\/booking\/99911202\" target=\"_blank\" rel=\"noopener\">westpark.com<\/a><\/p>\n\n<p>&nbsp;<\/p>\n\n<p><strong>Stationnement E M<\/strong><\/p>\n\n<p>1201, rue de la Montagne, Montr\u00e9al QC&nbsp; H3G 1Z2<\/p>\n\n<p><a href=\"514-879-1079\">514-879-1079<\/a><\/p>\n<\/div>\n\n<p><br \/>\n<strong>Appareils d\u2019interpr\u00e9tation simultan\u00e9e<\/strong><\/p>\n\n<p>Une fois inscrit\u00b7e\u00b7s, les d\u00e9l\u00e9gu\u00e9\u00b7e\u00b7s et les observateurs(-trices) peuvent emprunter un appareil d\u2019interpr\u00e9tation simultan\u00e9e, au besoin.<\/p>\n\n<p>Les tablettes perdues ou endommag\u00e9es seront factur\u00e9es \u00e0 l\u2019emprunteur(-trice) :<\/p>\n\n<ul>\n\t<li>50 $ par appareil d\u2019interpr\u00e9tation&nbsp;<\/li>\n<\/ul>\n\n<p><strong>Cartables de l\u2019AGA<\/strong><\/p>\n\n<p>Le cartable de l\u2019AGA ne sera pas imprim\u00e9 cette ann\u00e9e. Si vous avez demand\u00e9 \u00e0 emprunter une tablette dans votre formulaire d\u2019inscription, vous en recevrez une; elle contiendra l\u2019application n\u00e9cessaire pour l\u2019AGA. Toute l\u2019information g\u00e9n\u00e9rale n\u00e9cessaire sera disponible dans le cartable virtuel inclus dans l\u2019application.&nbsp;<\/p>\n\n<p>Les tablettes perdues ou endommag\u00e9es seront factur\u00e9es \u00e0 l\u2019emprunteur(-trice) :<\/p>\n\n<ul>\n\t<li>350 $ par tablette<\/li>\n<\/ul>\n\n<p><strong>S\u00e9ance d\u2019orientation&nbsp;<\/strong><\/p>\n\n<p>La s\u00e9ance d\u2019orientation de l\u2019AGA aura lieu virtuellement par Zoom le 8 novembre 2022, de 19 h\u00e0 21 h, heure de l\u2019Est, et le 10 novembre 2022 de 13 h \u00e0 15 h, heure de l&#8217;Est. Vous recevrez une invitation avant l\u2019\u00e9v\u00e9nement.<\/p>\n\n<p><strong>Jeudi soir (17 novembre)<\/strong><\/p>\n\n<p>Certains organismes constituants tiendront des r\u00e9unions de d\u00e9l\u00e9gu\u00e9\u00b7e\u00b7s ce soir-l\u00e0, ce qui faisait partie du processus d\u2019inscription des personnes invit\u00e9es.&nbsp;<\/p>\n\n<p><strong>Vendredi (18&nbsp;novembre)<\/strong><\/p>\n\n<p>Salon professionnel &#8211; 20<sup>e<\/sup> anniversaire du salon ServicePlus, de 16 h \u00e0 19 h&nbsp;(heure de l\u2019Est)<br \/>\nR\u00e9ception &#8211; de 21 h \u00e0 12 h, heure de l\u2019Est, au Salon Drummond.<\/p>\n\n<p><strong>Samedi soir (19 novembre)<\/strong><\/p>\n\n<p>R\u00e9ception pour les familles &#8211; 19 h \u00e0 22&nbsp;h (heure de l\u2019Est) au Salon Drummond (karaok\u00e9 sans alcool)<\/p>\n\n<p><strong>Services de garde d\u2019enfants<\/strong>&nbsp;<\/p>\n\n<p>Il n\u2019y a pas de service de garde d\u2019enfants sur place.<\/p>\n\n<p><strong>Indemnit\u00e9s de repas<\/strong><\/p>\n\n<p>Les repas suivants seront offerts et ne peuvent donc pas faire l\u2019objet d\u2019un remboursement&nbsp;:<\/p>\n\n<p>Vendredi 18 novembre &#8211; D\u00e9jeuner et d\u00eener<\/p>\n\n<p>Samedi, 19 novembre &#8211; D\u00e9jeuner et d\u00eener<\/p>\n\n<p><strong>Voyage et h\u00e9bergement<\/strong><\/p>\n\n<p>Les r\u00e9servations d\u2019avion et d\u2019h\u00f4tel <strong>doivent<\/strong> \u00eatre effectu\u00e9es via le syst\u00e8me d\u2019inscription \u00e0 l\u2019AGA et Concur Travel \u00e0 l\u2019aide du lien figurant sur la page de confirmation de votre inscription. Veuillez ne pas faire vos r\u00e9servations directement avec l\u2019h\u00f4tel.<\/p>\n\n<p>Si vous avez besoin de louer une voiture ou de prendre le train, veuillez appeler BCD au 1-866-768-7624 et dire le nom, la date et le lieu de la r\u00e9union pr\u00e9cis\u00e9s dans votre courriel d\u2019invitation.<\/p>\n\n<p>Lorsque vous ferez vos r\u00e9servations de voyage, sachez que BCD Travel utilisera d\u2019abord vos cr\u00e9dits de vol, le cas \u00e9ch\u00e9ant.&nbsp;<\/p>\n\n<p>Tous les frais (voyage, h\u00e9bergement, salaire compensatoire, repas et faux frais) encourus par les observateurs(-trices)&nbsp; sont \u00e0 la charge de l\u2019organisme constituant qui les parraine.<\/p>\n\n<p><strong>Transport<\/strong><\/p>\n\n<p><em>Stationnement &#8211; <\/em>&nbsp;Un nombre limit\u00e9 de places de stationnement est disponible \u00e0 l\u2019h\u00f4tel. Nous ne pouvons pas garantir que vous en aurez une si vous prenez votre v\u00e9hicule.&nbsp;<\/p>\n\n<p><em>A\u00e9roport<\/em> &#8211; Il n\u2019y aura pas de service de navette vers et depuis l\u2019a\u00e9roport. Le voyage en taxi dure g\u00e9n\u00e9ralement de 14 \u00e0 27 minutes et co\u00fbte environ 45 $.<\/p>\n\n<p><em>Train<\/em> &#8211; La gare centrale de Montr\u00e9al se trouve \u00e0 6 minutes de marche de l\u2019h\u00f4tel.<\/p>\n\n<p><strong>Coordonn\u00e9es<\/strong><\/p>\n\n<p>L\u2019\u00e9quipe de l\u2019AGA<br \/>\n<a href=\"mailto:aga-agm@pipsc.ca\"><u>aga-agm@pipsc.ca<\/u><\/a><\/p>\n\n<div class=\"parser_end\">&nbsp;<\/div>\n<\/div>\n<\/div>","protected":false},"excerpt":{"rendered":"<p>Date et heure&nbsp; 18 novembre, 8 h 30 &#8211; 19 novembre 2022, 17 h, heure de l\u2019Est (les heures sont approximatives). L\u2019ordre du jour et l\u2019horaire des \u00e9v\u00e9nements de l\u2019AGA seront publi\u00e9s sur le site Web de l\u2019Institut d\u00e8s qu\u2019ils seront disponibles.&nbsp; Lieu Montr\u00e9al (Qu\u00e9bec) H\u00f4tel \/ Lieu de la r\u00e9union L\u2019AGA 2022 aura lieu &hellip;<\/p>\n","protected":false},"author":9,"featured_media":0,"comment_status":"open","ping_status":"open","sticky":false,"template":"","format":"standard","meta":{"_acf_changed":false,"footnotes":""},"categories":[2440,68],"group":[],"region":[],"employer":[],"chapter":[],"class_list":["post-63261","post","type-post","status-publish","format-standard","hentry","category-aga-2022","category-assemblee-generale-annuelle"],"acf":[],"_links":{"self":[{"href":"https:\/\/pipsc.ca\/fr\/wp-json\/wp\/v2\/posts\/63261","targetHints":{"allow":["GET"]}}],"collection":[{"href":"https:\/\/pipsc.ca\/fr\/wp-json\/wp\/v2\/posts"}],"about":[{"href":"https:\/\/pipsc.ca\/fr\/wp-json\/wp\/v2\/types\/post"}],"author":[{"embeddable":true,"href":"https:\/\/pipsc.ca\/fr\/wp-json\/wp\/v2\/users\/9"}],"replies":[{"embeddable":true,"href":"https:\/\/pipsc.ca\/fr\/wp-json\/wp\/v2\/comments?post=63261"}],"version-history":[{"count":0,"href":"https:\/\/pipsc.ca\/fr\/wp-json\/wp\/v2\/posts\/63261\/revisions"}],"wp:attachment":[{"href":"https:\/\/pipsc.ca\/fr\/wp-json\/wp\/v2\/media?parent=63261"}],"wp:term":[{"taxonomy":"category","embeddable":true,"href":"https:\/\/pipsc.ca\/fr\/wp-json\/wp\/v2\/categories?post=63261"},{"taxonomy":"group","embeddable":true,"href":"https:\/\/pipsc.ca\/fr\/wp-json\/wp\/v2\/group?post=63261"},{"taxonomy":"region","embeddable":true,"href":"https:\/\/pipsc.ca\/fr\/wp-json\/wp\/v2\/region?post=63261"},{"taxonomy":"employer","embeddable":true,"href":"https:\/\/pipsc.ca\/fr\/wp-json\/wp\/v2\/employer?post=63261"},{"taxonomy":"chapter","embeddable":true,"href":"https:\/\/pipsc.ca\/fr\/wp-json\/wp\/v2\/chapter?post=63261"}],"curies":[{"name":"wp","href":"https:\/\/api.w.org\/{rel}","templated":true}]}}