{"id":62908,"date":"2021-10-05T00:00:00","date_gmt":"2021-10-05T00:00:00","guid":{"rendered":"https:\/\/pipsc.ca\/in-memoriam-harry-walker-2\/"},"modified":"2021-10-05T00:00:00","modified_gmt":"2021-10-05T00:00:00","slug":"in-memoriam-harry-walker-2","status":"publish","type":"post","link":"https:\/\/pipsc.ca\/fr\/in-memoriam-harry-walker-2\/","title":{"rendered":"In Memoriam : Harry Walker"},"content":{"rendered":"<div class=\"container\">\n<p>C\u2019est avec beaucoup de tristesse et de regret que l\u2019Institut vous informe du d\u00e9c\u00e8s de notre ami et coll\u00e8gue, Harry Walker.&nbsp;&nbsp; Harry a d\u00e9c\u00e9d\u00e9 le 15 septembre 2021, entour\u00e9 de sa famille, apr\u00e8s une longue maladie.<\/p>\n\n<p>Harry a a \u00e9t\u00e9 membre de l&#8217;ex\u00e9cutif national du groupe VFS depuis sa cr\u00e9ation en 2001 jusqu&#8217;en 2016 en tant que repr\u00e9sentant VFS CS de la consultation nationale.&nbsp;<\/p>\n\n<p>Il \u00e9tait pleinement engag\u00e9 envers les membres. &nbsp;Harry a \u00e9t\u00e9 r\u00e9connu pour son travail exceptionnel au sein de la communaut\u00e9 CS.<\/p>\n\n<p>En 2016, \u00e0 l&#8217;assembl\u00e9e g\u00e9n\u00e9rale annuelle, l\u2019Institut a pr\u00e9sent\u00e9 le Prix de service \u00e0 Harry.<\/p>\n\n<p>Nous nous souviendrons de lui avec respect pour son engagement et son professionnalisme envers les membres.&nbsp;<\/p>\n\n<p>Harry \u00e9tait \u00e9galement un passionn\u00e9 de Harley Davidson et assistait r\u00e9guli\u00e8rement, avec son \u00e9pouse bien-aim\u00e9e Terry, au rallye annuel de motos Sturgis dans le Dakota du Sud.&nbsp; Une derni\u00e8re randonn\u00e9e pour Harry aura lieu \u00e0 Kelowna, en Colombie-Britannique, \u00e0 une date ult\u00e9rieure.<\/p>\n\n<p>L\u2019Institut pr\u00e9sente ses condol\u00e9ances \u00e0 la famille de Harry et aux nombreux amis qui ont eu le privil\u00e8ge de le conna\u00eetre.<\/p>\n<\/div>","protected":false},"excerpt":{"rendered":"<p>C\u2019est avec beaucoup de tristesse et de regret que l\u2019Institut vous informe du d\u00e9c\u00e8s de notre ami et coll\u00e8gue, Harry Walker.&nbsp;&nbsp; Harry a d\u00e9c\u00e9d\u00e9 le 15 septembre 2021, entour\u00e9 de sa famille, apr\u00e8s une longue maladie. Harry a a \u00e9t\u00e9 membre de l&#8217;ex\u00e9cutif national du groupe VFS depuis sa cr\u00e9ation en 2001 jusqu&#8217;en 2016 en &hellip;<\/p>\n","protected":false},"author":9,"featured_media":0,"comment_status":"open","ping_status":"open","sticky":false,"template":"","format":"standard","meta":{"_acf_changed":false,"footnotes":""},"categories":[55],"group":[],"region":[],"employer":[],"chapter":[],"class_list":["post-62908","post","type-post","status-publish","format-standard","hentry","category-annonces"],"acf":[],"_links":{"self":[{"href":"https:\/\/pipsc.ca\/fr\/wp-json\/wp\/v2\/posts\/62908","targetHints":{"allow":["GET"]}}],"collection":[{"href":"https:\/\/pipsc.ca\/fr\/wp-json\/wp\/v2\/posts"}],"about":[{"href":"https:\/\/pipsc.ca\/fr\/wp-json\/wp\/v2\/types\/post"}],"author":[{"embeddable":true,"href":"https:\/\/pipsc.ca\/fr\/wp-json\/wp\/v2\/users\/9"}],"replies":[{"embeddable":true,"href":"https:\/\/pipsc.ca\/fr\/wp-json\/wp\/v2\/comments?post=62908"}],"version-history":[{"count":0,"href":"https:\/\/pipsc.ca\/fr\/wp-json\/wp\/v2\/posts\/62908\/revisions"}],"wp:attachment":[{"href":"https:\/\/pipsc.ca\/fr\/wp-json\/wp\/v2\/media?parent=62908"}],"wp:term":[{"taxonomy":"category","embeddable":true,"href":"https:\/\/pipsc.ca\/fr\/wp-json\/wp\/v2\/categories?post=62908"},{"taxonomy":"group","embeddable":true,"href":"https:\/\/pipsc.ca\/fr\/wp-json\/wp\/v2\/group?post=62908"},{"taxonomy":"region","embeddable":true,"href":"https:\/\/pipsc.ca\/fr\/wp-json\/wp\/v2\/region?post=62908"},{"taxonomy":"employer","embeddable":true,"href":"https:\/\/pipsc.ca\/fr\/wp-json\/wp\/v2\/employer?post=62908"},{"taxonomy":"chapter","embeddable":true,"href":"https:\/\/pipsc.ca\/fr\/wp-json\/wp\/v2\/chapter?post=62908"}],"curies":[{"name":"wp","href":"https:\/\/api.w.org\/{rel}","templated":true}]}}