{"id":62195,"date":"2018-10-15T00:00:00","date_gmt":"2018-10-15T00:00:00","guid":{"rendered":"https:\/\/pipsc.ca\/le-reamenagement-des-postes-de-travail-compromet-le-professionnalisme-dans-la-fonction-publique\/"},"modified":"2018-10-15T00:00:00","modified_gmt":"2018-10-15T00:00:00","slug":"le-reamenagement-des-postes-de-travail-compromet-le-professionnalisme-dans-la-fonction-publique","status":"publish","type":"post","link":"https:\/\/pipsc.ca\/fr\/le-reamenagement-des-postes-de-travail-compromet-le-professionnalisme-dans-la-fonction-publique\/","title":{"rendered":"Le r\u00e9am\u00e9nagement des postes de travail compromet le professionnalisme dans la fonction publique"},"content":{"rendered":"<div class=\"container\">\n<p>\u00c0 la suite de la d\u00e9cision du gouvernement du Canada de r\u00e9installer son personnel dans des espaces de bureau ouverts, nous avons men\u00e9 un sondage aupr\u00e8s de membres choisi(e)s au hasard pour avoir leurs impressions sur leur nouvel environnement.<\/p>\n\n<p>Nous avons constat\u00e9 que les membres qui travaillent maintenant dans les nouveaux espaces ouverts trouvent qu\u2019il leur est plus difficile d\u2019offrir le meilleur service possible \u00e0 la population canadienne.<\/p>\n\n<ul>\n\t<li>62 % disent que leur productivit\u00e9 et leur efficacit\u00e9 ont baiss\u00e9;<\/li>\n\t<li>79 % disent avoir plus de mal \u00e0 se concentrer;<\/li>\n\t<li>62 % d\u00e9clarent avoir moins acc\u00e8s \u00e0 un espace de travail suffisant pour leurs activit\u00e9s professionnelles.<\/li>\n<\/ul>\n\n<blockquote>\n<p>\u00ab&nbsp;Il nous est plus difficile maintenant d\u2019assurer des services publics, depuis cette d\u00e9cision du gouvernement. Nos membres ont besoin de se concentrer et de travailler de fa\u00e7on productive, mais ce r\u00e9am\u00e9nagement des bureaux f\u00e9d\u00e9raux nuit \u00e0 leur capacit\u00e9 de travailler, soutient Debi Daviau&nbsp;\u00bb, pr\u00e9sidente de l\u2019IPFPC.<\/p>\n<\/blockquote>\n\n<p>Quand le gouvernement a annonc\u00e9 pour la premi\u00e8re fois ses projets de r\u00e9am\u00e9nagement des postes de travail, cela semblait prometteur. Il devait ainsi rendre les lieux de travail plus sains et plus efficaces pour les professionnel(le)s. Mais il semblerait au contraire qu\u2019il s\u2019en est servi pour r\u00e9duire les co\u00fbts et installer plus de monde dans des espaces de plus en plus r\u00e9duits.<\/p>\n\n<p>Nous savons que le plus souvent (environ 75 % des cas), le r\u00e9am\u00e9nagement des lieux de travail se fait sans avoir consult\u00e9 le personnel et sans projet pilote. Les besoins ergonomiques d\u00e9j\u00e0 d\u00e9termin\u00e9s n\u2019ont pas \u00e9t\u00e9 satisfaits.<\/p>\n\n<p>Ces espaces minent le professionnalisme. Qu\u2019il s\u2019agisse de sant\u00e9 mentale, de productivit\u00e9, de collaboration ou d\u2019intimit\u00e9, nos membres signalent que la nouvelle configuration a empir\u00e9 les choses, et ce, \u00e0 tous points de vue.&nbsp;<\/p>\n\n<p><strong>Si votre bureau a \u00e9t\u00e9 r\u00e9am\u00e9nag\u00e9, quels sont les effets de ce changement sur votre capacit\u00e9 \u00e0 fournir des services professionnels \u00e0 la population canadien(ne)?<\/strong><\/p>\n\n<p><a class=\"btn btn_primary\" href=\"https:\/\/enaction.ipfpc.ca\/reamenagement_des_bureaux\" target=\"_blank\" rel=\"noopener\">AJOUTEZ VOTRE VOIX<\/a><\/p>\n<\/div>","protected":false},"excerpt":{"rendered":"<p>\u00c0 la suite de la d\u00e9cision du gouvernement du Canada de r\u00e9installer son personnel dans des espaces de bureau ouverts, nous avons men\u00e9 un sondage aupr\u00e8s de membres choisi(e)s au hasard pour avoir leurs impressions sur leur nouvel environnement. Nous avons constat\u00e9 que les membres qui travaillent maintenant dans les nouveaux espaces ouverts trouvent qu\u2019il &hellip;<\/p>\n","protected":false},"author":9,"featured_media":0,"comment_status":"open","ping_status":"open","sticky":false,"template":"","format":"standard","meta":{"_acf_changed":false,"footnotes":""},"categories":[61],"group":[],"region":[],"employer":[],"chapter":[],"class_list":["post-62195","post","type-post","status-publish","format-standard","hentry","category-retour-sur-le-lieu-de-travail"],"acf":[],"_links":{"self":[{"href":"https:\/\/pipsc.ca\/fr\/wp-json\/wp\/v2\/posts\/62195","targetHints":{"allow":["GET"]}}],"collection":[{"href":"https:\/\/pipsc.ca\/fr\/wp-json\/wp\/v2\/posts"}],"about":[{"href":"https:\/\/pipsc.ca\/fr\/wp-json\/wp\/v2\/types\/post"}],"author":[{"embeddable":true,"href":"https:\/\/pipsc.ca\/fr\/wp-json\/wp\/v2\/users\/9"}],"replies":[{"embeddable":true,"href":"https:\/\/pipsc.ca\/fr\/wp-json\/wp\/v2\/comments?post=62195"}],"version-history":[{"count":0,"href":"https:\/\/pipsc.ca\/fr\/wp-json\/wp\/v2\/posts\/62195\/revisions"}],"wp:attachment":[{"href":"https:\/\/pipsc.ca\/fr\/wp-json\/wp\/v2\/media?parent=62195"}],"wp:term":[{"taxonomy":"category","embeddable":true,"href":"https:\/\/pipsc.ca\/fr\/wp-json\/wp\/v2\/categories?post=62195"},{"taxonomy":"group","embeddable":true,"href":"https:\/\/pipsc.ca\/fr\/wp-json\/wp\/v2\/group?post=62195"},{"taxonomy":"region","embeddable":true,"href":"https:\/\/pipsc.ca\/fr\/wp-json\/wp\/v2\/region?post=62195"},{"taxonomy":"employer","embeddable":true,"href":"https:\/\/pipsc.ca\/fr\/wp-json\/wp\/v2\/employer?post=62195"},{"taxonomy":"chapter","embeddable":true,"href":"https:\/\/pipsc.ca\/fr\/wp-json\/wp\/v2\/chapter?post=62195"}],"curies":[{"name":"wp","href":"https:\/\/api.w.org\/{rel}","templated":true}]}}