{"id":59458,"date":"2025-03-27T00:00:00","date_gmt":"2025-03-27T00:00:00","guid":{"rendered":"https:\/\/pipsc.ca\/aid-moubarak\/"},"modified":"2025-03-27T00:00:00","modified_gmt":"2025-03-27T00:00:00","slug":"aid-moubarak","status":"publish","type":"post","link":"https:\/\/pipsc.ca\/fr\/aid-moubarak\/","title":{"rendered":"A\u00efd Moubarak !"},"content":{"rendered":"<div class=\"container\">\n<p><strong>A\u00efd <\/strong><strong>Moubarak&nbsp;<\/strong><strong>!<\/strong><\/p>\n\n<p>Cher(\u00e8re)s coll\u00e8gues et ami(e)s,<\/p>\n\n<p>A\u00efd el-Fitr (\u00e9galement orthographi\u00e9 comme <em>Id al-Fitr<\/em> ou <em>Eid-ul-Fitr<\/em>) est une c\u00e9l\u00e9bration importante pour la communaut\u00e9 musulmane au Canada et dans le monde entier. Cette ann\u00e9e, elle sera c\u00e9l\u00e9br\u00e9e le dimanche 30 mars et le lundi 31 mars 2025.<\/p>\n\n<p>Les musulmans c\u00e9l\u00e8brent A\u00efd el-Fitr le premier jour de <em>Shawwal<\/em> dans le calendrier <em>hijri<\/em> islamique (<em>01 shawwal 1446<\/em>). Il marque la fin du mois de je\u00fbne du Ramadan et le d\u00e9but d&#8217;une f\u00eate qui dure jusqu&#8217;\u00e0 trois jours. L&#8217;A\u00efd al-Fitr est une occasion joyeuse, mais son objectif sous-jacent est de louer Dieu et de le remercier pour la bonne fortune et les b\u00e9n\u00e9dictions, selon la foi islamique. Les anciens torts sont pardonn\u00e9s et l&#8217;argent est donn\u00e9 aux pauvres. Les anciens torts sont pardonn\u00e9s, toute amertume et rancune sont mises de c\u00f4t\u00e9 pour de bon pour renouer des relations et la charit\u00e9 est donn\u00e9e aux pauvres.<\/p>\n\n<p>Cet \u00e9v\u00e9nement implique que de nombreux musulmans se r\u00e9veillent t\u00f4t le matin et prient soit sur un terrain de pri\u00e8re en plein air, soit dans une mosqu\u00e9e. Les gens s&#8217;habillent de leurs plus beaux v\u00eatements et ornent leurs maisons de lumi\u00e8res et d&#8217;autres d\u00e9corations. Des plats sp\u00e9ciaux sont pr\u00e9par\u00e9s et des amis ou des parents sont invit\u00e9s \u00e0 partager le festin. Des cadeaux et des cartes de v\u0153ux sont \u00e9chang\u00e9s et les enfants re\u00e7oivent des cadeaux ou de l&#8217;argent.<\/p>\n\n<p>Les musulmans se rassembleront dans leurs lieux de culte pour prier pour la paix au Moyen-Orient et dans d\u2019autres points chauds du monde. Ils prieront et s&#8217;engageront \u00e0 jouer leur r\u00f4le dans la lutte contre la faim, la maladie et le sans-abrisme.<\/p>\n\n<p>Bien qu\u2019il ne s\u2019agisse pas d\u2019un jour f\u00e9ri\u00e9 au Canada, de nombreux musulmans prennent 1 \u00e0 3 jours de cong\u00e9 pour c\u00e9l\u00e9brer l\u2019A\u00efd el-Fitr. Les fonctionnaires syndiqu\u00e9s ont droit \u00e0 deux jours de cong\u00e9 personnel chaque ann\u00e9e financi\u00e8re, conform\u00e9ment \u00e0 leur convention collective, qui expire le 31 mars. Ce cong\u00e9, ainsi que d&#8217;autres types de cong\u00e9s, peuvent \u00eatre pris pour c\u00e9l\u00e9brer l&#8217;A\u00efd.<\/p>\n\n<p>Si vous avez des amis ou des coll\u00e8gues musulmans, vous pouvez leur souhaiter \u00ab<em>A\u00efd Moubarak<\/em>\u00bb, qui est un terme arabe mais couramment utilis\u00e9 par tous les musulmans, et traduit le sens de \u00abJoyeux A\u00efd\u00bb ou \u00abA\u00efd B\u00e9ni\u00bb.<\/p>\n\n<p>Si vous souhaitez que nous soulignions un \u00e9v\u00e9nement culturel pour faire conna\u00eetre la riche diversit\u00e9 culturelle du Canada, n&#8217;h\u00e9sitez pas \u00e0 m&#8217;\u00e9crire. De cette fa\u00e7on, nous apprenons tous \u00e0 nous conna\u00eetre, afin de promouvoir la compr\u00e9hension mutuelle, le respect et la collaboration.<\/p>\n\n<p>Restez&nbsp;en&nbsp;s\u00e9curit\u00e9,&nbsp;restez&nbsp;en bonne&nbsp;forme !<\/p>\n\n<p>Respectueusement,<\/p>\n\n<p><strong>Waheed Khan <\/strong><\/p>\n\n<p>Pr\u00e9sident, \u00e9quipe nationale de consultation<\/p>\n\n<p><a href=\"mailto:Waheed.Khan@pipsc.ca\">Waheed.Khan@pipsc.ca<\/a><\/p>\n\n<p>&nbsp;<\/p>\n<\/div>","protected":false},"excerpt":{"rendered":"<p>A\u00efd Moubarak&nbsp;! Cher(\u00e8re)s coll\u00e8gues et ami(e)s, A\u00efd el-Fitr (\u00e9galement orthographi\u00e9 comme Id al-Fitr ou Eid-ul-Fitr) est une c\u00e9l\u00e9bration importante pour la communaut\u00e9 musulmane au Canada et dans le monde entier. Cette ann\u00e9e, elle sera c\u00e9l\u00e9br\u00e9e le dimanche 30 mars et le lundi 31 mars 2025. Les musulmans c\u00e9l\u00e8brent A\u00efd el-Fitr le premier jour de Shawwal &hellip;<\/p>\n","protected":false},"author":9,"featured_media":0,"comment_status":"open","ping_status":"open","sticky":false,"template":"","format":"standard","meta":{"_acf_changed":false,"footnotes":""},"categories":[2529],"group":[],"region":[],"employer":[585,1902],"chapter":[],"class_list":["post-59458","post","type-post","status-publish","format-standard","hentry","category-nouvelles","employer-conseil-du-tresor-du-canada-fr","employer-tb-environnement-et-changement-climatique-canada-incluant-lagence-devaluation-dimpact-du-canada-fr"],"acf":[],"_links":{"self":[{"href":"https:\/\/pipsc.ca\/fr\/wp-json\/wp\/v2\/posts\/59458","targetHints":{"allow":["GET"]}}],"collection":[{"href":"https:\/\/pipsc.ca\/fr\/wp-json\/wp\/v2\/posts"}],"about":[{"href":"https:\/\/pipsc.ca\/fr\/wp-json\/wp\/v2\/types\/post"}],"author":[{"embeddable":true,"href":"https:\/\/pipsc.ca\/fr\/wp-json\/wp\/v2\/users\/9"}],"replies":[{"embeddable":true,"href":"https:\/\/pipsc.ca\/fr\/wp-json\/wp\/v2\/comments?post=59458"}],"version-history":[{"count":0,"href":"https:\/\/pipsc.ca\/fr\/wp-json\/wp\/v2\/posts\/59458\/revisions"}],"wp:attachment":[{"href":"https:\/\/pipsc.ca\/fr\/wp-json\/wp\/v2\/media?parent=59458"}],"wp:term":[{"taxonomy":"category","embeddable":true,"href":"https:\/\/pipsc.ca\/fr\/wp-json\/wp\/v2\/categories?post=59458"},{"taxonomy":"group","embeddable":true,"href":"https:\/\/pipsc.ca\/fr\/wp-json\/wp\/v2\/group?post=59458"},{"taxonomy":"region","embeddable":true,"href":"https:\/\/pipsc.ca\/fr\/wp-json\/wp\/v2\/region?post=59458"},{"taxonomy":"employer","embeddable":true,"href":"https:\/\/pipsc.ca\/fr\/wp-json\/wp\/v2\/employer?post=59458"},{"taxonomy":"chapter","embeddable":true,"href":"https:\/\/pipsc.ca\/fr\/wp-json\/wp\/v2\/chapter?post=59458"}],"curies":[{"name":"wp","href":"https:\/\/api.w.org\/{rel}","templated":true}]}}