{"id":58105,"date":"2025-08-14T00:00:00","date_gmt":"2025-08-14T00:00:00","guid":{"rendered":"https:\/\/pipsc.ca\/sous-groupe-vfs-de-summerside-reunions-virtuelles\/"},"modified":"2025-08-14T00:00:00","modified_gmt":"2025-08-14T00:00:00","slug":"sous-groupe-vfs-de-summerside-reunions-virtuelles","status":"publish","type":"post","link":"https:\/\/pipsc.ca\/fr\/sous-groupe-vfs-de-summerside-reunions-virtuelles\/","title":{"rendered":"Sous-groupe VFS de Summerside R\u00e9unions Virtuelles"},"content":{"rendered":"<div class=\"container\">\n<h2>Sous-groupe VFS de Summerside R\u00e9unions Virtuelles<\/h2>\n\n<p><br \/>\nL\u2019ex\u00e9cutif du sous-groupe VFS de Summerside est heureux d\u2019inviter les membres \u00e0 un nouveau rendez-vous virtuel qui aura lieu le dernier jeudi de chaque mois.<br \/>\n<br \/>\n<u>L<\/u>es membres du sous-groupe VFS de Summerside pourront y participer pour parler \u00e0 leur ex\u00e9cutif, obtenir des mises \u00e0 jour et des renseignements pr\u00e9cieux, poser des questions ou simplement se retrouver et rencontrer d\u2019autres membres.<br \/>\n<br \/>\nRejoignez-nous via Zoom pour relancer cette initiative de communication int\u00e9ressante pour les membres de l\u2019Institut. Si vous avez des questions, veuillez me contacter \u00e0 l\u2019adresse suivante <a href=\"mailto:lhill@pipsc.ca\"><strong><u>lhill@pipsc.ca<\/u><\/strong><\/a>.<br \/>\n<br \/>\n<strong>R\u00e9unions \u00e0 venir<\/strong><\/p>\n\n<p><strong>Participez \u00e0 une r\u00e9union Zoom<\/strong><br \/>\n&nbsp;<\/p>\n\n<p>R\u00c9UNION MENSUELLE DU SOUS-GROUPE VFS DE SUMMERSIDE<\/p>\n\n<p><a href=\"https:\/\/us04web.zoom.us\/j\/73579084745?pwd=aQZ9Bksj0okzxMhbddQ7b7fyIEcfAy.1\" target=\"_blank\" rel=\"noopener\"><u>Jeudi 18&nbsp;d\u00e9cembre &#8211; de 19&nbsp;h \u00e0 20&nbsp;h<\/u><\/a><br \/>\n<br \/>\nID de la r\u00e9union :&nbsp;735 7908 4745<br \/>\nMot de passe : dp2a8m<\/p>\n\n<p><br \/>\nR\u00c9UNION MENSUELLE DU SOUS-GROUPE VFS DE SUMMERSIDE<\/p>\n\n<p><a href=\"https:\/\/us04web.zoom.us\/j\/73579084745?pwd=aQZ9Bksj0okzxMhbddQ7b7fyIEcfAy.1\" target=\"_blank\" rel=\"noopener\"><u>Jeudi&nbsp;29 janvier<\/u>&nbsp;<u>&#8211; de 19&nbsp;h \u00e0 20&nbsp;h<\/u><\/a><\/p>\n\n<p>ID de la r\u00e9union :&nbsp;735 7908 4745<br \/>\nMot de passe : dp2a8m<\/p>\n\n<p>&nbsp;<\/p>\n\n<p>R\u00c9UNION MENSUELLE DU SOUS-GROUPE VFS DE SUMMERSIDE<\/p>\n\n<p><a href=\"https:\/\/us04web.zoom.us\/j\/73579084745?pwd=aQZ9Bksj0okzxMhbddQ7b7fyIEcfAy.1\" target=\"_blank\" rel=\"noopener\"><u>Jeudi&nbsp;26&nbsp;f\u00e9vrier&nbsp;&#8211; de 19&nbsp;h \u00e0 20&nbsp;h<\/u><\/a><br \/>\n<br \/>\nID de la r\u00e9union :&nbsp;735 7908 4745<br \/>\nMot de passe : dp2a8m<\/p>\n\n<p>&nbsp;<\/p>\n\n<p>R\u00c9UNION MENSUELLE DU SOUS-GROUPE VFS DE SUMMERSIDE<\/p>\n\n<p><a href=\"https:\/\/us04web.zoom.us\/j\/73579084745?pwd=aQZ9Bksj0okzxMhbddQ7b7fyIEcfAy.1\" target=\"_blank\" rel=\"noopener\"><u>Jeudi&nbsp;26 mars<\/u>&nbsp;<u>&#8211; de 19&nbsp;h \u00e0 20&nbsp;h<\/u><\/a><br \/>\n<br \/>\nID de la r\u00e9union :&nbsp;735 7908 4745<br \/>\nMot de passe : dp2a8m<\/p>\n\n<p>&nbsp;<\/p>\n\n<p>R\u00c9UNION MENSUELLE DU SOUS-GROUPE VFS DE SUMMERSIDE<\/p>\n\n<p><a href=\"https:\/\/us04web.zoom.us\/j\/73579084745?pwd=aQZ9Bksj0okzxMhbddQ7b7fyIEcfAy.1\" target=\"_blank\" rel=\"noopener\"><u>Jeudi 30 avril<\/u>&nbsp;<u>&#8211; de 19&nbsp;h \u00e0 20&nbsp;h<\/u><\/a><br \/>\n<br \/>\nID de la r\u00e9union :&nbsp;735 7908 4745<br \/>\nMot de passe : dp2a8m<\/p>\n\n<p><br \/>\n&nbsp;<\/p>\n\n<p>R\u00c9UNION MENSUELLE DU SOUS-GROUPE VFS DE SUMMERSIDE<\/p>\n\n<p><a href=\"https:\/\/us04web.zoom.us\/j\/73579084745?pwd=aQZ9Bksj0okzxMhbddQ7b7fyIEcfAy.1\" target=\"_blank\" rel=\"noopener\"><u>Jeudi 28 mai&nbsp;&#8211; de 19&nbsp;h \u00e0 20&nbsp;h<\/u><\/a><br \/>\n<br \/>\nID de la r\u00e9union :&nbsp;735 7908 4745<br \/>\nMot de passe : dp2a8m<\/p>\n\n<p>&nbsp;<\/p>\n\n<p>Au plaisir de vous y voir!<\/p>\n\n<p><br \/>\nEn toute solidarit\u00e9,<br \/>\n<br \/>\nLeslie Hill<br \/>\nPr\u00e9sidente du sous-groupe VFS de Summerside, IPFPC<\/p>\n\n<p>&nbsp;<\/p>\n\n<p>&nbsp;<\/p>\n<\/div>","protected":false},"excerpt":{"rendered":"<p>Sous-groupe VFS de Summerside R\u00e9unions Virtuelles L\u2019ex\u00e9cutif du sous-groupe VFS de Summerside est heureux d\u2019inviter les membres \u00e0 un nouveau rendez-vous virtuel qui aura lieu le dernier jeudi de chaque mois. Les membres du sous-groupe VFS de Summerside pourront y participer pour parler \u00e0 leur ex\u00e9cutif, obtenir des mises \u00e0 jour et des renseignements pr\u00e9cieux, &hellip;<\/p>\n","protected":false},"author":9,"featured_media":0,"comment_status":"open","ping_status":"open","sticky":false,"template":"","format":"standard","meta":{"_acf_changed":false,"footnotes":""},"categories":[2529],"group":[155,716],"region":[],"employer":[],"chapter":[],"class_list":["post-58105","post","type-post","status-publish","format-standard","hentry","category-nouvelles","group-groupe-verification-finances-et-sciences-fr","group-afs-summerside-ipe-fr"],"acf":[],"_links":{"self":[{"href":"https:\/\/pipsc.ca\/fr\/wp-json\/wp\/v2\/posts\/58105","targetHints":{"allow":["GET"]}}],"collection":[{"href":"https:\/\/pipsc.ca\/fr\/wp-json\/wp\/v2\/posts"}],"about":[{"href":"https:\/\/pipsc.ca\/fr\/wp-json\/wp\/v2\/types\/post"}],"author":[{"embeddable":true,"href":"https:\/\/pipsc.ca\/fr\/wp-json\/wp\/v2\/users\/9"}],"replies":[{"embeddable":true,"href":"https:\/\/pipsc.ca\/fr\/wp-json\/wp\/v2\/comments?post=58105"}],"version-history":[{"count":0,"href":"https:\/\/pipsc.ca\/fr\/wp-json\/wp\/v2\/posts\/58105\/revisions"}],"wp:attachment":[{"href":"https:\/\/pipsc.ca\/fr\/wp-json\/wp\/v2\/media?parent=58105"}],"wp:term":[{"taxonomy":"category","embeddable":true,"href":"https:\/\/pipsc.ca\/fr\/wp-json\/wp\/v2\/categories?post=58105"},{"taxonomy":"group","embeddable":true,"href":"https:\/\/pipsc.ca\/fr\/wp-json\/wp\/v2\/group?post=58105"},{"taxonomy":"region","embeddable":true,"href":"https:\/\/pipsc.ca\/fr\/wp-json\/wp\/v2\/region?post=58105"},{"taxonomy":"employer","embeddable":true,"href":"https:\/\/pipsc.ca\/fr\/wp-json\/wp\/v2\/employer?post=58105"},{"taxonomy":"chapter","embeddable":true,"href":"https:\/\/pipsc.ca\/fr\/wp-json\/wp\/v2\/chapter?post=58105"}],"curies":[{"name":"wp","href":"https:\/\/api.w.org\/{rel}","templated":true}]}}