{"id":57360,"date":"2023-09-06T00:00:00","date_gmt":"2023-09-06T00:00:00","guid":{"rendered":"https:\/\/pipsc.ca\/convocation-a-lassemblee-generale-annuelle-2023-du-sous-groupe-vfs-de-summerside\/"},"modified":"2023-09-06T00:00:00","modified_gmt":"2023-09-06T00:00:00","slug":"convocation-a-lassemblee-generale-annuelle-2023-du-sous-groupe-vfs-de-summerside","status":"publish","type":"post","link":"https:\/\/pipsc.ca\/fr\/convocation-a-lassemblee-generale-annuelle-2023-du-sous-groupe-vfs-de-summerside\/","title":{"rendered":"Convocation \u00e0 l\u2019Assembl\u00e9e g\u00e9n\u00e9rale annuelle 2023 du sous-groupe VFS de Summerside"},"content":{"rendered":"<div class=\"container\">\n<h2><strong>Convocation \u00e0 l\u2019Assembl\u00e9e g\u00e9n\u00e9rale annuelle du sous-groupe VFS de Summerside 2023<\/strong><\/h2>\n\n<p>L\u2019Assembl\u00e9e g\u00e9n\u00e9rale annuelle virtuelle du sous-groupe VFS de Summerside de l\u2019Institut professionnel de la fonction publique du Canada (IPFPC) aura lieu bient\u00f4t!<\/p>\n\n<p>&nbsp;<\/p>\n\n<p><strong>DATE ET HEURE&nbsp;: Mercredi&nbsp;20&nbsp;septembre 2023 \u00e0 18&nbsp;h<\/strong><\/p>\n\n<p><strong>LIEU&nbsp;: Centre communautaire Sherbrooke \u2013 497 All Weather Hwy<\/strong>&nbsp;<strong>Summerside, \u00ce.-P.-\u00c9.<\/strong><\/p>\n\n<p>&nbsp;<\/p>\n\n<p><strong>Veuillez confirmer votre pr\u00e9sence en envoyant un courriel \u00e0 <\/strong><a href=\"mailto:lhill@pipsc.ca\"><u>lhill@pipsc.ca<\/u><\/a><strong>&nbsp;au plus tard le mardi&nbsp;19&nbsp;septembre \u00e0 16&nbsp;h.<\/strong><\/p>\n\n<p>&nbsp;<\/p>\n\n<p>Un appel de candidatures pour l\u2019\u00e9lection de l\u2019ex\u00e9cutif du Sous-groupe est maintenant ouvert. Les mises en candidature peuvent \u00eatre pr\u00e9sent\u00e9es par \u00e9crit \u00e0&nbsp;<a href=\"mailto:lhill@pipsc.ca\"><strong><u>lhill@pipsc.ca<\/u><\/strong><\/a> ou annonc\u00e9es sur place \u00e0 l\u2019AGA du Sous-groupe.<\/p>\n\n<p>&nbsp;<\/p>\n\n<p><strong>C\u2019est une excellente occasion de vous impliquer pour aider vos coll\u00e8gues de travail et les autres membres de l\u2019Institut!<\/strong><\/p>\n\n<p>&nbsp;<\/p>\n\n<p><strong>Ordre du jour<\/strong><\/p>\n\n<p>1.&nbsp;&nbsp; &nbsp;Mot de bienvenue<br \/>\n2.&nbsp;&nbsp; &nbsp;Adoption de l\u2019ordre du jour<br \/>\n3.&nbsp;&nbsp; &nbsp;Mot de la pr\u00e9sidente et rapports<br \/>\n4.&nbsp;&nbsp; &nbsp;Approbation du proc\u00e8s-verbal de l\u2019AGA pr\u00e9c\u00e9dente<br \/>\n5.&nbsp;&nbsp; &nbsp;Tr\u00e9sorier&nbsp;: \u00c9tats financiers&nbsp;2023 et budget pour 2023-2024<br \/>\n6.&nbsp;&nbsp; &nbsp;Invit\u00e9 \u2013 Chris Roach<br \/>\n8.&nbsp;&nbsp; &nbsp;\u00c9lections : Pr\u00e9sident\u00b7e +&nbsp;6&nbsp;<br \/>\n9.&nbsp;&nbsp; &nbsp;Lev\u00e9e de la s\u00e9ance<\/p>\n\n<p>&nbsp;<\/p>\n\n<p>REMARQUE&nbsp;: Un souper et des rafra\u00eechissements seront servis.<\/p>\n\n<pre dir=\"ltr\">\n\n&nbsp;<\/pre>\n\n<p>&nbsp;<\/p>\n<\/div>","protected":false},"excerpt":{"rendered":"<p>Convocation \u00e0 l\u2019Assembl\u00e9e g\u00e9n\u00e9rale annuelle du sous-groupe VFS de Summerside 2023 L\u2019Assembl\u00e9e g\u00e9n\u00e9rale annuelle virtuelle du sous-groupe VFS de Summerside de l\u2019Institut professionnel de la fonction publique du Canada (IPFPC) aura lieu bient\u00f4t! &nbsp; DATE ET HEURE&nbsp;: Mercredi&nbsp;20&nbsp;septembre 2023 \u00e0 18&nbsp;h LIEU&nbsp;: Centre communautaire Sherbrooke \u2013 497 All Weather Hwy&nbsp;Summerside, \u00ce.-P.-\u00c9. &nbsp; Veuillez confirmer votre &hellip;<\/p>\n","protected":false},"author":9,"featured_media":0,"comment_status":"open","ping_status":"open","sticky":false,"template":"","format":"standard","meta":{"_acf_changed":false,"footnotes":""},"categories":[2529],"group":[155,716],"region":[],"employer":[],"chapter":[],"class_list":["post-57360","post","type-post","status-publish","format-standard","hentry","category-nouvelles","group-groupe-verification-finances-et-sciences-fr","group-afs-summerside-ipe-fr"],"acf":[],"_links":{"self":[{"href":"https:\/\/pipsc.ca\/fr\/wp-json\/wp\/v2\/posts\/57360","targetHints":{"allow":["GET"]}}],"collection":[{"href":"https:\/\/pipsc.ca\/fr\/wp-json\/wp\/v2\/posts"}],"about":[{"href":"https:\/\/pipsc.ca\/fr\/wp-json\/wp\/v2\/types\/post"}],"author":[{"embeddable":true,"href":"https:\/\/pipsc.ca\/fr\/wp-json\/wp\/v2\/users\/9"}],"replies":[{"embeddable":true,"href":"https:\/\/pipsc.ca\/fr\/wp-json\/wp\/v2\/comments?post=57360"}],"version-history":[{"count":0,"href":"https:\/\/pipsc.ca\/fr\/wp-json\/wp\/v2\/posts\/57360\/revisions"}],"wp:attachment":[{"href":"https:\/\/pipsc.ca\/fr\/wp-json\/wp\/v2\/media?parent=57360"}],"wp:term":[{"taxonomy":"category","embeddable":true,"href":"https:\/\/pipsc.ca\/fr\/wp-json\/wp\/v2\/categories?post=57360"},{"taxonomy":"group","embeddable":true,"href":"https:\/\/pipsc.ca\/fr\/wp-json\/wp\/v2\/group?post=57360"},{"taxonomy":"region","embeddable":true,"href":"https:\/\/pipsc.ca\/fr\/wp-json\/wp\/v2\/region?post=57360"},{"taxonomy":"employer","embeddable":true,"href":"https:\/\/pipsc.ca\/fr\/wp-json\/wp\/v2\/employer?post=57360"},{"taxonomy":"chapter","embeddable":true,"href":"https:\/\/pipsc.ca\/fr\/wp-json\/wp\/v2\/chapter?post=57360"}],"curies":[{"name":"wp","href":"https:\/\/api.w.org\/{rel}","templated":true}]}}