{"id":57165,"date":"2022-11-21T00:00:00","date_gmt":"2022-11-21T00:00:00","guid":{"rendered":"https:\/\/pipsc.ca\/convocation-a-lassemblee-generale-annuelle-du-sous-groupe-vfs-de-summerside-2\/"},"modified":"2022-11-21T00:00:00","modified_gmt":"2022-11-21T00:00:00","slug":"convocation-a-lassemblee-generale-annuelle-du-sous-groupe-vfs-de-summerside-2","status":"publish","type":"post","link":"https:\/\/pipsc.ca\/fr\/convocation-a-lassemblee-generale-annuelle-du-sous-groupe-vfs-de-summerside-2\/","title":{"rendered":"Convocation \u00e0 l\u2019Assembl\u00e9e g\u00e9n\u00e9rale annuelle du sous-groupe VFS de Summerside"},"content":{"rendered":"<div class=\"container\">\n<h2><strong>Convocation \u00e0 l\u2019Assembl\u00e9e g\u00e9n\u00e9rale annuelle du sous-groupe VFS de Summerside<\/strong><\/h2>\n\n<p>L\u2019Assembl\u00e9e g\u00e9n\u00e9rale annuelle virtuelle du sous-groupe VFS de Summerside de l\u2019Institut professionnel de la fonction publique du Canada (IPFPC) aura lieu bient\u00f4t!<\/p>\n\n<p><strong>DATE ET HEURE&nbsp;: Jeudi&nbsp;8&nbsp;d\u00e9cembre 2022 \u00e0 18&nbsp;h&nbsp;<\/strong><\/p>\n\n<p><strong>LIEU&nbsp;: Centre communautaire Wilmot \u2014 <\/strong>110, avenue Gillespie, Summerside, \u00ce.P.-E.<\/p>\n\n<p><strong>INFORMATION&nbsp;: veuillez contacter Leslie Hill \u00e0 <\/strong><a href=\"mailto:lahillinc@gmail.com\"><u>lahillinc@gmail.com<\/u><\/a><strong>&nbsp;ou au 902-569-8525<\/strong><\/p>\n\n<p>Lorsque vous vous inscrirez, vous obtiendrez aussi une chance de participer \u00e0 l\u2019un des nombreux tirages de cartes-cadeaux de la soir\u00e9e.<\/p>\n\n<p><strong>Veuillez confirmer votre pr\u00e9sence en envoyant un courriel \u00e0 <\/strong><a href=\"mailto:Sheila.shea@hotmail.com\"><u>Sheila.shea@hotmail.com<\/u><\/a><strong>&nbsp;au plus tard le mercredi&nbsp;7&nbsp;d\u00e9cembre \u00e0 16&nbsp;h.<\/strong><\/p>\n\n<p><strong>&nbsp;<\/strong><\/p>\n\n<p>Un appel de candidatures pour l\u2019\u00e9lection de l\u2019ex\u00e9cutif du sous-groupe est maintenant en place. Les mises en candidature peuvent \u00eatre pr\u00e9sent\u00e9es par \u00e9crit \u00e0&nbsp;<a href=\"mailto:Sheila.shea@hotmail.com\"><strong><u>sheila.shea@hotmail.com<\/u><\/strong><\/a> ou annonc\u00e9es sur place \u00e0 l\u2019AGA du Sous-groupe.<\/p>\n\n<p><strong>C\u2019est une excellente occasion de vous impliquer pour aider vos coll\u00e8gues de travail et les autres membres de l\u2019Institut!<\/strong><\/p>\n\n<p>&nbsp;<\/p>\n\n<p><strong>Ordre du jour<\/strong><\/p>\n\n<p>1.&nbsp;&nbsp; &nbsp;Mot de bienvenue<br \/>\n2.&nbsp;&nbsp; &nbsp;Adoption de l\u2019ordre du jour<br \/>\n3.&nbsp;&nbsp; &nbsp;Mot de la pr\u00e9sidente et rapports<br \/>\n4.&nbsp;&nbsp; &nbsp;Approbation du proc\u00e8s-verbal de l\u2019AGA pr\u00e9c\u00e9dente<br \/>\n5.&nbsp;&nbsp; &nbsp;Tr\u00e9sorier&nbsp;: \u00c9tats financiers 2022 et budget pour 2022-2023<br \/>\n6.&nbsp;&nbsp; &nbsp;Conf\u00e9renciers \u00e0 d\u00e9terminer<br \/>\n8.&nbsp;&nbsp; &nbsp;\u00c9lections&nbsp;: \u00c0 d\u00e9terminer<br \/>\n9.&nbsp;&nbsp; &nbsp;Conclusion<\/p>\n\n<p>REMARQUE&nbsp;: Un souper et des rafra\u00eechissements seront servis.<\/p>\n\n<p>Merci!<\/p>\n\n<p>Leslie Hill<\/p>\n\n<h2>&nbsp;<\/h2>\n<\/div>","protected":false},"excerpt":{"rendered":"<p>Convocation \u00e0 l\u2019Assembl\u00e9e g\u00e9n\u00e9rale annuelle du sous-groupe VFS de Summerside L\u2019Assembl\u00e9e g\u00e9n\u00e9rale annuelle virtuelle du sous-groupe VFS de Summerside de l\u2019Institut professionnel de la fonction publique du Canada (IPFPC) aura lieu bient\u00f4t! DATE ET HEURE&nbsp;: Jeudi&nbsp;8&nbsp;d\u00e9cembre 2022 \u00e0 18&nbsp;h&nbsp; LIEU&nbsp;: Centre communautaire Wilmot \u2014 110, avenue Gillespie, Summerside, \u00ce.P.-E. INFORMATION&nbsp;: veuillez contacter Leslie Hill \u00e0 &hellip;<\/p>\n","protected":false},"author":9,"featured_media":0,"comment_status":"open","ping_status":"open","sticky":false,"template":"","format":"standard","meta":{"_acf_changed":false,"footnotes":""},"categories":[2529],"group":[155,716],"region":[],"employer":[],"chapter":[],"class_list":["post-57165","post","type-post","status-publish","format-standard","hentry","category-nouvelles","group-groupe-verification-finances-et-sciences-fr","group-afs-summerside-ipe-fr"],"acf":[],"_links":{"self":[{"href":"https:\/\/pipsc.ca\/fr\/wp-json\/wp\/v2\/posts\/57165","targetHints":{"allow":["GET"]}}],"collection":[{"href":"https:\/\/pipsc.ca\/fr\/wp-json\/wp\/v2\/posts"}],"about":[{"href":"https:\/\/pipsc.ca\/fr\/wp-json\/wp\/v2\/types\/post"}],"author":[{"embeddable":true,"href":"https:\/\/pipsc.ca\/fr\/wp-json\/wp\/v2\/users\/9"}],"replies":[{"embeddable":true,"href":"https:\/\/pipsc.ca\/fr\/wp-json\/wp\/v2\/comments?post=57165"}],"version-history":[{"count":0,"href":"https:\/\/pipsc.ca\/fr\/wp-json\/wp\/v2\/posts\/57165\/revisions"}],"wp:attachment":[{"href":"https:\/\/pipsc.ca\/fr\/wp-json\/wp\/v2\/media?parent=57165"}],"wp:term":[{"taxonomy":"category","embeddable":true,"href":"https:\/\/pipsc.ca\/fr\/wp-json\/wp\/v2\/categories?post=57165"},{"taxonomy":"group","embeddable":true,"href":"https:\/\/pipsc.ca\/fr\/wp-json\/wp\/v2\/group?post=57165"},{"taxonomy":"region","embeddable":true,"href":"https:\/\/pipsc.ca\/fr\/wp-json\/wp\/v2\/region?post=57165"},{"taxonomy":"employer","embeddable":true,"href":"https:\/\/pipsc.ca\/fr\/wp-json\/wp\/v2\/employer?post=57165"},{"taxonomy":"chapter","embeddable":true,"href":"https:\/\/pipsc.ca\/fr\/wp-json\/wp\/v2\/chapter?post=57165"}],"curies":[{"name":"wp","href":"https:\/\/api.w.org\/{rel}","templated":true}]}}