{"id":57107,"date":"2022-10-05T00:00:00","date_gmt":"2022-10-05T00:00:00","guid":{"rendered":"https:\/\/pipsc.ca\/aga-du-sous-groupe-cs-du-sud-de-lile-de-vancouver\/"},"modified":"2022-10-05T00:00:00","modified_gmt":"2022-10-05T00:00:00","slug":"aga-du-sous-groupe-cs-du-sud-de-lile-de-vancouver","status":"publish","type":"post","link":"https:\/\/pipsc.ca\/fr\/aga-du-sous-groupe-cs-du-sud-de-lile-de-vancouver\/","title":{"rendered":"AGA du sous-groupe CS du Sud de l\u2019\u00eele de Vancouver"},"content":{"rendered":"<div class=\"container\">\n<p>Bonjour,<\/p>\n\n<p>C\u2019est le temps de l\u2019AGA de notre sous-groupe TI!<\/p>\n\n<p>Tous les membres en r\u00e8gle du sous-groupe TI du Sud de l\u2019\u00eele de Vancouver sont invit\u00e9s \u00e0 l\u2019AGA. C\u2019est une bonne occasion de rencontrer d\u2019autres membres TI, de manger un repas pay\u00e9 par l\u2019Institut, d\u2019\u00e9lire les membres du prochain Ex\u00e9cutif et d\u2019\u00e9couter les propos de l\u2019invit\u00e9 d\u2019honneur, Stan Buday, pr\u00e9sident du groupe TI.<\/p>\n\n<p>Date&nbsp;:&nbsp;Mercredi 9&nbsp;novembre 2022<\/p>\n\n<p>Lieu&nbsp;:<\/p>\n\n<p>Milestones \u2014 812, rue Wharf, Victoria<\/p>\n\n<p><a href=\"https:\/\/C472BDB1-6A3E-4182-813D-4FA197C55C3A\/%3cBLOCKED%3e*https:\/www.milestonesrestaurants.com\/en.html%3cBLOCKED%3e\">https:\/\/www.milestonesrestaurants.com\/en.html<\/a><\/p>\n\n<p><em>Veuillez confirmer votre pr\u00e9sence et votre choix de repas \u00e0 l\u2019adresse <\/em><a href=\"mailto:efrain.andia@gmail.com\">efrain.andia@gmail.com<\/a><em> au plus tard le lundi&nbsp;7 novembre 2022.<\/em><\/p>\n\n<p>Horaire&nbsp;:<\/p>\n\n<ul>\n\t<li>17&nbsp;h&nbsp;: R\u00e9ception<\/li>\n\t<li>18&nbsp;h&nbsp;: Souper&nbsp;<\/li>\n<\/ul>\n\n<p>Souper&nbsp;: Choisissez un \u00e9l\u00e9ment dans chacune des sections suivantes<\/p>\n\n<p>HORS D\u2019\u0152UVRE 1 SALADE C\u00c9SAR \u00c0 L\u2019AIL R\u00d4TI<br \/>\nRomaine, chou fris\u00e9, bacon, parmesan et Asiago, cro\u00fbtons \u00e0 l\u2019ail, vinaigrette C\u00e9sar<\/p>\n\n<p>HORS D\u2019\u0152UVRE 2 SALADE PRINTANI\u00c8RE CALIFORNIENNE (V\u00c9G\u00c9, SANS GLUTEN)<br \/>\nFromage de ch\u00e8vre, fraises, avocat, oignon rouge, pacanes \u00e9pic\u00e9es, vinaigrette \u00e0 la moutarde au miel<\/p>\n\n<p>CHOIX DE PLAT PRINCIPAL<\/p>\n\n<p>BIFTECK DE SURLONGE GRILL\u00c9 (SANS GLUTEN)<br \/>\nHaut de surlonge (8 onces), l\u00e9gumes de saison, pommes de terre r\u00f4ties<br \/>\nFacultatif&nbsp;: ajouter une garniture de fruits de mer<\/p>\n\n<p>SAUMON GLAC\u00c9 AU GINGEMBRE<br \/>\nSaumon grill\u00e9, gla\u00e7age gingembre et soja, ananas grill\u00e9, riz au jasmin et au bambou, l\u00e9gumes de saison<\/p>\n\n<p>POULET M\u00c9DITERRAN\u00c9EN<br \/>\nPoulet grill\u00e9, fromage de ch\u00e8vre \u00e0 la Sriracha, \u00e9pinards, chou fris\u00e9, pois chiches, oignon rouge, tomates en grappes, gla\u00e7age balsamique \u00e0 l\u2019huile de basilic<\/p>\n\n<p>RAVIOLIS \u00c0 LA COURGE MUSQU\u00c9E (V)<br \/>\nPoireaux, pommes vertes, poivrons doux, sauce au beurre brun, fromage de ch\u00e8vre, pacanes \u00e9pic\u00e9es, sauge croquante<\/p>\n\n<p>DESSERTS<\/p>\n\n<p>G\u00c2TEAU AU FROMAGE AU CHOCOLAT BLANC<br \/>\nChocolat blanc, cr\u00e8me anglaise \u00e0 l\u2019espresso, cr\u00e8me fouett\u00e9e, copeaux de chocolat au lait, fraises fra\u00eeches<\/p>\n\n<p>G\u00c2TEAU AVEC GANACHE (V\u00c9G\u00c9, SANS GLUTEN)<br \/>\nGanache au chocolat belge, cro\u00fbte d\u2019amandes, fraises fra\u00eeches<\/p>\n\n<p>CHOIX DE TH\u00c9 OU DE CAF\u00c9<\/p>\n\n<p>R\u00e9gime v\u00e9g\u00e9tarien (V)&nbsp;<br \/>\nR\u00e9gime v\u00e9g\u00e9talien (VG)<br \/>\n(GF) Compatible avec le gluten&nbsp;<\/p>\n\n<p>Plan de la s\u00e9ance<\/p>\n\n<ul>\n\t<li>Adoption de l\u2019ordre du jour<\/li>\n\t<li>Examen et approbation du proc\u00e8s-verbal de l\u2019AGA de 2021<\/li>\n\t<li>Rapport de l\u2019ex\u00e9cutif du Sous-groupe<\/li>\n\t<li>Invit\u00e9 d\u2019honneur&nbsp;: Pr\u00e9sident du groupe CS, Stan Buday<\/li>\n<\/ul>\n\n<p>Ex\u00e9cutif actuel du Sous-groupe&nbsp;:<\/p>\n\n<p>Pr\u00e9sident&nbsp;: Curtis Hamilton<br \/>\nVice-pr\u00e9sident&nbsp;: Efrain Andia-Rodriguez<br \/>\nMembres actifs&nbsp;:&nbsp; Brian Rapanos, Sean Vogelaar, Michael Rogers<br \/>\nSecr\u00e9taire&nbsp;: Suneil Minhas<br \/>\nTr\u00e9sori\u00e8re&nbsp;: Unika Attridge<\/p>\n<\/div>","protected":false},"excerpt":{"rendered":"<p>Bonjour, C\u2019est le temps de l\u2019AGA de notre sous-groupe TI! Tous les membres en r\u00e8gle du sous-groupe TI du Sud de l\u2019\u00eele de Vancouver sont invit\u00e9s \u00e0 l\u2019AGA. C\u2019est une bonne occasion de rencontrer d\u2019autres membres TI, de manger un repas pay\u00e9 par l\u2019Institut, d\u2019\u00e9lire les membres du prochain Ex\u00e9cutif et d\u2019\u00e9couter les propos de &hellip;<\/p>\n","protected":false},"author":9,"featured_media":0,"comment_status":"open","ping_status":"open","sticky":false,"template":"","format":"standard","meta":{"_acf_changed":false,"footnotes":""},"categories":[2529],"group":[1087,333],"region":[],"employer":[],"chapter":[],"class_list":["post-57107","post","type-post","status-publish","format-standard","hentry","category-nouvelles","group-cs-ile-de-vancouver-cb-fr","group-technologies-de-linformation-fr"],"acf":[],"_links":{"self":[{"href":"https:\/\/pipsc.ca\/fr\/wp-json\/wp\/v2\/posts\/57107","targetHints":{"allow":["GET"]}}],"collection":[{"href":"https:\/\/pipsc.ca\/fr\/wp-json\/wp\/v2\/posts"}],"about":[{"href":"https:\/\/pipsc.ca\/fr\/wp-json\/wp\/v2\/types\/post"}],"author":[{"embeddable":true,"href":"https:\/\/pipsc.ca\/fr\/wp-json\/wp\/v2\/users\/9"}],"replies":[{"embeddable":true,"href":"https:\/\/pipsc.ca\/fr\/wp-json\/wp\/v2\/comments?post=57107"}],"version-history":[{"count":0,"href":"https:\/\/pipsc.ca\/fr\/wp-json\/wp\/v2\/posts\/57107\/revisions"}],"wp:attachment":[{"href":"https:\/\/pipsc.ca\/fr\/wp-json\/wp\/v2\/media?parent=57107"}],"wp:term":[{"taxonomy":"category","embeddable":true,"href":"https:\/\/pipsc.ca\/fr\/wp-json\/wp\/v2\/categories?post=57107"},{"taxonomy":"group","embeddable":true,"href":"https:\/\/pipsc.ca\/fr\/wp-json\/wp\/v2\/group?post=57107"},{"taxonomy":"region","embeddable":true,"href":"https:\/\/pipsc.ca\/fr\/wp-json\/wp\/v2\/region?post=57107"},{"taxonomy":"employer","embeddable":true,"href":"https:\/\/pipsc.ca\/fr\/wp-json\/wp\/v2\/employer?post=57107"},{"taxonomy":"chapter","embeddable":true,"href":"https:\/\/pipsc.ca\/fr\/wp-json\/wp\/v2\/chapter?post=57107"}],"curies":[{"name":"wp","href":"https:\/\/api.w.org\/{rel}","templated":true}]}}