{"id":56423,"date":"2019-02-06T00:00:00","date_gmt":"2019-02-06T00:00:00","guid":{"rendered":"https:\/\/pipsc.ca\/aga-du-sous-groupe-ssc-sh-du-pacifique-11-mars-2019\/"},"modified":"2019-02-06T00:00:00","modified_gmt":"2019-02-06T00:00:00","slug":"aga-du-sous-groupe-ssc-sh-du-pacifique-11-mars-2019","status":"publish","type":"post","link":"https:\/\/pipsc.ca\/fr\/aga-du-sous-groupe-ssc-sh-du-pacifique-11-mars-2019\/","title":{"rendered":"AGA du sous-groupe SSC SH du Pacifique &#8211; 11 mars 2019"},"content":{"rendered":"<div class=\"container\">\n<h3>ASSEMBL\u00c9E G\u00c9N\u00c9RALE ANNUELLE DU SOUS-GROUPE SCC SH DU PACIFIQUE 2019<\/h3>\n\n<p><strong>Date :<\/strong> Lundi 11 mars 2019, \u00e0 18 h<\/p>\n\n<p><strong>Lieu :<\/strong> Station Pub, 3122, chemin Station, Abbotsford, C.-B.<\/p>\n\n<p><strong>Ordre du jour<\/strong><\/p>\n\n<p>Mot de bienvenue et pr\u00e9sentations par le pr\u00e9sident<br \/>\nAdoption ou modification de l\u2019ordre du jour<br \/>\nApprobation du proc\u00e8s-verbal de l\u2019AGA 2017 et questions d\u00e9coulant de ce proc\u00e8s-verbal<br \/>\nRapport du tr\u00e9sorier<\/p>\n\n<p>\u00c9lections<\/p>\n\n<p>Le point sur les n\u00e9gociations&nbsp;: Ian Shaw<\/p>\n\n<p>Nouvelles des CCSP\/CRM\/CNM: Phil Johnson<br \/>\nDivers &nbsp;<\/p>\n\n<p>Pr\u00e9sentation des prix<\/p>\n\n<p>Conf\u00e9rencier&nbsp;: Robert MacDonald<\/p>\n\n<p>Conf\u00e9rencier&nbsp;: John Einger<br \/>\nTour de table<br \/>\nLev\u00e9e de la s\u00e9ance<\/p>\n\n<p><strong>EX\u00c9CUTIF ACTUEL (*indique les postes \u00e0 pourvoir par voie d\u2019\u00e9lection)<\/strong><\/p>\n\n<h3>Ex\u00e9cutif de 2018<\/h3>\n\n<p class=\"Indent1\">Pr\u00e9sident&nbsp;: Michael&nbsp; Bouwers<\/p>\n\n<p class=\"Indent1\">Vice-pr\u00e9sident&nbsp;: Vacant*<\/p>\n\n<p class=\"Indent1\">Secr\u00e9taire : Dean Balbira<\/p>\n\n<p class=\"Indent1\">Tr\u00e9sori\u00e8re : Jennifer Russell*<\/p>\n\n<p class=\"Indent1\">Membres actifs<\/p>\n\n<p class=\"Indent1\">Bev Jameson &nbsp;<\/p>\n\n<p class=\"Indent1\">Stacy Sasyniuk*<\/p>\n\n<p class=\"Indent1\">Tom Shaw<\/p>\n\n<p class=\"Indent1\">Kayla Wilde<\/p>\n\n<p class=\"Indent1\">Ian Shaw*<\/p>\n\n<p class=\"Indent1\">Tyler Grado*<\/p>\n\n<p class=\"Indent1\">Membre actif (vacant)*<\/p>\n\n<p>Veuillez envoyer les candidatures au Comit\u00e9 des \u00e9lections \u00e0&nbsp;:<br \/>\nJennifer Russell (<a href=\"mailto:Jennifer.Russell@csc-scc.gc.ca\">Jennifer.Russell@csc-scc.gc.ca<\/a><u>)<\/u> ou \u00e0 Mike Bouwers (<a href=\"mailto:Michael.Bouwers@csc-scc.gc.ca\">Michael.Bouwers@csc-scc.gc.ca<\/a><u>).<\/u><\/p>\n\n<p>&nbsp;<\/p>\n\n<p>RSVP AU PLUS TARD<strong> le 1<sup>er<\/sup> mars 2019.<\/strong><br \/>\n<u>Jennifer Russell&nbsp;: <\/u><a href=\"mailto:Jennifer.Russell@csc-scc.gc.ca\">Jennifer.Russell@csc-scc.gc.ca<\/a><br \/>\nIan Shaw : <a href=\"mailto:Ian.Shaw@csc-scc.gc.ca\">Ian.Shaw@csc-scc.gc.ca<\/a> <\/p>\n<\/div>","protected":false},"excerpt":{"rendered":"<p>ASSEMBL\u00c9E G\u00c9N\u00c9RALE ANNUELLE DU SOUS-GROUPE SCC SH DU PACIFIQUE 2019 Date : Lundi 11 mars 2019, \u00e0 18 h Lieu : Station Pub, 3122, chemin Station, Abbotsford, C.-B. Ordre du jour Mot de bienvenue et pr\u00e9sentations par le pr\u00e9sident Adoption ou modification de l\u2019ordre du jour Approbation du proc\u00e8s-verbal de l\u2019AGA 2017 et questions d\u00e9coulant &hellip;<\/p>\n","protected":false},"author":9,"featured_media":0,"comment_status":"open","ping_status":"open","sticky":false,"template":"","format":"standard","meta":{"_acf_changed":false,"footnotes":""},"categories":[2529],"group":[179,728],"region":[],"employer":[],"chapter":[],"class_list":["post-56423","post","type-post","status-publish","format-standard","hentry","category-nouvelles","group-groupe-services-de-sante-fr","group-sh-scc-pacifique-cb-fr"],"acf":[],"_links":{"self":[{"href":"https:\/\/pipsc.ca\/fr\/wp-json\/wp\/v2\/posts\/56423","targetHints":{"allow":["GET"]}}],"collection":[{"href":"https:\/\/pipsc.ca\/fr\/wp-json\/wp\/v2\/posts"}],"about":[{"href":"https:\/\/pipsc.ca\/fr\/wp-json\/wp\/v2\/types\/post"}],"author":[{"embeddable":true,"href":"https:\/\/pipsc.ca\/fr\/wp-json\/wp\/v2\/users\/9"}],"replies":[{"embeddable":true,"href":"https:\/\/pipsc.ca\/fr\/wp-json\/wp\/v2\/comments?post=56423"}],"version-history":[{"count":0,"href":"https:\/\/pipsc.ca\/fr\/wp-json\/wp\/v2\/posts\/56423\/revisions"}],"wp:attachment":[{"href":"https:\/\/pipsc.ca\/fr\/wp-json\/wp\/v2\/media?parent=56423"}],"wp:term":[{"taxonomy":"category","embeddable":true,"href":"https:\/\/pipsc.ca\/fr\/wp-json\/wp\/v2\/categories?post=56423"},{"taxonomy":"group","embeddable":true,"href":"https:\/\/pipsc.ca\/fr\/wp-json\/wp\/v2\/group?post=56423"},{"taxonomy":"region","embeddable":true,"href":"https:\/\/pipsc.ca\/fr\/wp-json\/wp\/v2\/region?post=56423"},{"taxonomy":"employer","embeddable":true,"href":"https:\/\/pipsc.ca\/fr\/wp-json\/wp\/v2\/employer?post=56423"},{"taxonomy":"chapter","embeddable":true,"href":"https:\/\/pipsc.ca\/fr\/wp-json\/wp\/v2\/chapter?post=56423"}],"curies":[{"name":"wp","href":"https:\/\/api.w.org\/{rel}","templated":true}]}}