{"id":56032,"date":"2017-09-26T00:00:00","date_gmt":"2017-09-26T00:00:00","guid":{"rendered":"https:\/\/pipsc.ca\/sous-groupe-nr-de-la-ville-de-quebec-compte-rendu-de-la-reunion-du-comite-executif\/"},"modified":"2017-09-26T00:00:00","modified_gmt":"2017-09-26T00:00:00","slug":"sous-groupe-nr-de-la-ville-de-quebec-compte-rendu-de-la-reunion-du-comite-executif","status":"publish","type":"post","link":"https:\/\/pipsc.ca\/fr\/sous-groupe-nr-de-la-ville-de-quebec-compte-rendu-de-la-reunion-du-comite-executif\/","title":{"rendered":"Sous-groupe NR de la ville de Qu\u00e9bec &#8211; Compte rendu de la r\u00e9union du comit\u00e9 ex\u00e9cutif"},"content":{"rendered":"<div class=\"container\">\n<h3>Sous-groupe NR, Ville de Qu\u00e9bec<\/h3>\n\n<h3>Compte-rendu de la 1i\u00e8re r\u00e9union du comit\u00e9 ex\u00e9cutif de 2017<\/h3>\n\n<p>Tenue le 11 juillet 2017<br \/>\nAu restaurant Le Houston \u00e0 Qu\u00e9bec<\/p>\n\n<p>Date: Mardi 11 juillet 2017<br \/>\nEndroit: Restaurant Le Houston, 5700 boulevard des Galeries, Qu\u00e9bec<\/p>\n\n<p>Objet:&nbsp; Premi\u00e8re r\u00e9union du comit\u00e9 ex\u00e9cutif du Sous-groupe NR Ville de Qu\u00e9bec de 2017<\/p>\n\n<p>Administrateurs pr\u00e9sents:<br \/>\nJanot Alain<br \/>\nJean-Luc B\u00e9dard<br \/>\nJean-S\u00e9bastien Binette<br \/>\nOmar Kali<\/p>\n\n<p>&nbsp;ORDRE DU JOUR<br \/>\n&nbsp;<br \/>\n1.&nbsp;Ouverture de la r\u00e9union<br \/>\n2.&nbsp;Mot de bienvenue du pr\u00e9sident<br \/>\n3.&nbsp;Lecture et adoption de l\u2019ordre du jour<br \/>\n4.&nbsp;Adoption du compte-rendu du 29 novembre 2017<br \/>\n5.&nbsp;Affaires d\u00e9coulant du compte-rendu du 29 novembre 2017<br \/>\n6.&nbsp;Bilan de la r\u00e9union des Pr\u00e9sidents de sous-groupe \u00e0 St-John\u2019s du 8 juin 2017<br \/>\n7.&nbsp;R\u00e9sum\u00e9 de la r\u00e9union avec l\u2019ex\u00e9cutif du chapitre de Qu\u00e9bec le 14 juin 2017<br \/>\n8.&nbsp;Proposition d\u2019entente de principe du groupe NR<br \/>\n9.&nbsp;Prochaine activit\u00e9<br \/>\n10.&nbsp;Bilan financier au 31 d\u00e9cembre 2016<br \/>\n11.&nbsp;Questionnement au sujet des donn\u00e9es du syst\u00e8me de contr\u00f4le d\u2019acc\u00e8s des employ\u00e9s pour PIMS en gestion de projets<br \/>\n12.&nbsp;Affaires nouvelles<br \/>\n13.&nbsp;Date de la prochaine rencontre du CE<br \/>\n14.&nbsp;Cl\u00f4ture de la r\u00e9union<\/p>\n\n<p>Point de l\u2019ordre du our \/ &nbsp;Responsable\/ &nbsp;Discussion \/ &nbsp;Action requise par<\/p>\n\n<p>1.&nbsp;Ouverture de la rencontre. \/&nbsp;Jean-Luc\/&nbsp;\u00c0 18h15, le pr\u00e9sident, apr\u00e8s v\u00e9rification du quorum, d\u00e9clare la s\u00e9ance ouverte.<br \/>\n2.&nbsp;Mot de bienvenue du pr\u00e9sident. \/&nbsp;Jean-Luc\/&nbsp;Le pr\u00e9sident souhaite la bienvenue \u00e0 tous.<br \/>\n3.&nbsp;Lecture et adoption de l\u2019ordre du jour. \/&nbsp;Jean-Luc\/&nbsp;Sur proposition de Janot, appuy\u00e9 par Omar, l\u2019ordre du jour est adopt\u00e9 tel que pr\u00e9sent\u00e9.<br \/>\n4.&nbsp;Adoption du compte-rendu du 29 novembre 2017. \/&nbsp;Jean-S\u00e9bastien\/&nbsp;Sur proposition de Janot, appuy\u00e9 par Omar, le compte-rendu est adopt\u00e9 \u00e0 l\u2019unanimit\u00e9.<br \/>\n&nbsp;<br \/>\n5.&nbsp;Affaires d\u00e9coulant du compte-rendu du 29 novembre 2017. \/&nbsp;Jean-Luc\/<\/p>\n\n<p>a)&nbsp;Les statuts et r\u00e8glements ont \u00e9t\u00e9 transmis \u00e0 Mme Natalie B\u00e9langer de l\u2019Institut par Jean-S\u00e9bastien;<\/p>\n\n<p>b)&nbsp;Le proc\u00e8s-verbal de l\u2019AGA de 2016 n\u2019a pas \u00e9t\u00e9 transmis \u00e0 l\u2019Institut, puisqu\u2019il n\u2019a pas encore \u00e9t\u00e9 adopt\u00e9.&nbsp; Il le sera en temps et lieu.&nbsp; Les comptes-rendus de 2016 et le rapport d\u2019\u00e9lection ont \u00e9t\u00e9 transmis par Jean-S\u00e9bastien \u00e0 Mme Natalie B\u00e9langer;<\/p>\n\n<p>c)&nbsp;Lors de la rencontre des Pr\u00e9sidents \u00e0 St-John, Jean-Luc a rencontr\u00e9 M. John Eng qui a fait faire des vestes.&nbsp; Janot va transmettre les coordonn\u00e9es de M. Eng \u00e0 Jean-S\u00e9bastien et ce dernier va entrer en contact pour commander 4 vestes, de taille moyenne, pour l\u2019ex\u00e9cutif.&nbsp; Nous allons faire inscrire \u00ab&nbsp; Sous-Groupe NR Ville de Qu\u00e9bec \u00bb sur les vestes. \/ Janot<\/p>\n\n<p>d)&nbsp;Jean-Luc a fait un sondage aupr\u00e8s des membres du SG NR Ville de Qu\u00e9bec en f\u00e9vrier 2017, avec une participation de 36 membres, soit un 39 % des membres.&nbsp; Jean-Luc a pr\u00e9sent\u00e9 les r\u00e9sultats lors de la r\u00e9union des Pr\u00e9sidents des sous-groupes \u00e0 St-John.&nbsp; \/ Jean-S\u00e9bastien<\/p>\n\n<p>e)&nbsp;Jean-S\u00e9bastien a contact\u00e9 l\u2019Institut pour obtenir un recensement d\u00e9mographique des ing\u00e9nieurs, architectes et arpenteurs de niveau 3, 4, 5 et 6 de la Ville de Qu\u00e9bec.&nbsp; Mme Linda Martel de l\u2019Institut lui a transmis les donn\u00e9es par minist\u00e8re et par niveau.&nbsp; Jean-S\u00e9bastien va v\u00e9rifier si on peut obtenir les donn\u00e9es par provinces, r\u00e9gion (capitale nationale, Colombie-Britannique\/Yukon, Ontario, Prairie\/Territoires du N-O, Qu\u00e9bec, Atlantique) et \u00e0 la distribution des niveaux par minist\u00e8re \u00e0 travers le Canada.<\/p>\n\n<p>f)&nbsp;La conf\u00e9rence en collaboration avec le Chapitre de Qu\u00e9bec sur la sant\u00e9 mentale a \u00e9t\u00e9 tenue le 30 janvier 2017 au mess des Officiers de la Base de Valcartier.&nbsp; Jean-S\u00e9bastien et Jean-Luc ont \u00e9t\u00e9 impliqu\u00e9s et l\u2019activit\u00e9 a \u00e9t\u00e9 un succ\u00e8s. \/ Jean-S\u00e9bastien<\/p>\n\n<p>g)&nbsp;La page Facebook pour notre sous-groupe avait d\u00e9j\u00e0 \u00e9t\u00e9 cr\u00e9\u00e9e par Jean-Luc en 2016.&nbsp; Omar va se charger d\u2019y ajouter les faits saillants depuis la cr\u00e9ation du sous-groupe et d\u2019envoyer des invitations \u00e0 tous les membres, via courriel, pour s\u2019inscrire \u00e0 titre d\u2019invit\u00e9;<\/p>\n\n<p>h)&nbsp;Un lien \u00ab&nbsp; Services Plus \u00bb sera mis sur la page Facebook; \/ Omar<\/p>\n\n<p>i)&nbsp;Aucune activit\u00e9 ne sera faite pour souligner le 150e anniversaire de la conf\u00e9d\u00e9ration.&nbsp; Nous n\u2019avons pas \u00e9t\u00e9 sollicit\u00e9s par l\u2019Institut pour nous impliquer; \/ Omar<\/p>\n\n<p>j)&nbsp;S\u2019informer de la date et du lieu de la prochaine formation de d\u00e9l\u00e9gu\u00e9 syndical.&nbsp; Selon les disponibilit\u00e9s et la charge de travail, un ou des membres pourraient y participer.<\/p>\n\n<p>k)&nbsp;Janot a re\u00e7u la confirmation qu\u2019il ne peut pas se faire remplacer comme repr\u00e9sentant du SG NR VQ au Conseil national des NR;\/ Jean-Luc<\/p>\n\n<p>l)&nbsp;Aucune action n\u2019a \u00e9t\u00e9 faite pour obtenir les courriels personnels des membres.&nbsp; Janot va contacter l\u2019Institut pour avoir l\u2019information. \/ Janot<\/p>\n\n<p>m)&nbsp;Janot va solliciter les membres RAND pour qu\u2019ils adh\u00e8rent \u00e0 l\u2019Institut. \/ Janot&nbsp;<\/p>\n\n<p>&nbsp;<br \/>\n6.&nbsp;Bilan de la r\u00e9union des Pr\u00e9sidents de sous-groupe \u00e0 St-John, tenue le 8 juin 2017. \/&nbsp;Jean-Luc\/&nbsp;Le pr\u00e9sident a fait une pr\u00e9sentation du SG NR Ville de Qu\u00e9bec et pr\u00e9sent\u00e9 les r\u00e9sultats du sondage sur les enjeux de nos membres.&nbsp; L\u2019iniquit\u00e9 dans la classification des postes ENG est une pr\u00e9occupation pour la grande majorit\u00e9 des sous-groupes se trouvant \u00e0 l\u2019ext\u00e9rieur de la Capitale nationale.&nbsp; Il semblerait qu\u2019un programme de progression de carri\u00e8re (ENG-02 \u00e0 04) soit en train d\u2019\u00eatre mise en place \u00e0 Shirley`s Bay, en banlieue d\u2019Ottawa.<\/p>\n\n<p>Il existe, depuis plusieurs ann\u00e9es, un programme de progression de carri\u00e8re pour les ENG 02 \u00e0 04 au niveau du DND, Sous-Ministre Adjoint &#8211; Mat\u00e9riel (ADM Mat en anglais).&nbsp; Jean-Luc et Janot ont propos\u00e9 d\u2019utiliser ce programme pour le groupe NR.&nbsp; Yves Cousineau a propos\u00e9 de nous aider pour monter un tel programme pancanadien. \/ Jean-Luc\/Janot&nbsp;<\/p>\n\n<p>&nbsp;<br \/>\n7.&nbsp;R\u00e9sum\u00e9 de la r\u00e9union avec l\u2019ex\u00e9cutif de Chapitre de la Ville de Qu\u00e9bec, tenue le 14 juin 2017. \/&nbsp;Jean-Luc\/&nbsp;Jean-Luc a assist\u00e9 \u00e0 la r\u00e9union.&nbsp; Les points saillants ont \u00e9t\u00e9 :<\/p>\n\n<p>a)&nbsp;R\u00e9troaction de la derni\u00e8re activit\u00e9 du Chapitre, \u00ab Vivre ensemble autour de valeurs communes \u00bb tenue le 5 juin 2017.&nbsp; Le taux de participation a \u00e9t\u00e9 d\u00e9cevant (une vingtaine de participants, incluant les organisateurs).&nbsp; Causes possibles : il s\u2019agissait d\u2019une formule sans repas, l\u2019heure n\u2019\u00e9tait pas optimale (17h00 \u00e0 19h00), la rencontre ne se situait pas dans un endroit central \u00e0 Qu\u00e9bec (Baie de Beauport);<\/p>\n\n<p>b)&nbsp;On constate que le taux de participation des femmes \u00e0 l\u2019Institut au Qu\u00e9bec et en Atlantique est tr\u00e8s faible;<\/p>\n\n<p>c)&nbsp;Il est sugg\u00e9r\u00e9 de faire une activit\u00e9 d\u2019envergure plut\u00f4t que plusieurs petites activit\u00e9s. Les principales raisons sont un co\u00fbt en temps et en logistique moindre, les gens se d\u00e9pla\u00e7ant une seule fois pour une activit\u00e9 d\u2019importance.&nbsp;<\/p>\n\n<p>8.&nbsp;Proposition d\u2019entente de principe du groupe NR. \/&nbsp;Jean-Luc\/&nbsp;Le r\u00e9sultat du vote a \u00e9t\u00e9 en faveur de l\u2019entente.&nbsp;<\/p>\n\n<p>9.&nbsp;Prochaines activit\u00e9s \/&nbsp;Jean-Luc\/&nbsp;Il est convenu de s\u2019impliquer dans l\u2019organisation d\u2019une activit\u00e9 d\u2019envergure en collaboration avec le Chapitre de la Ville de Qu\u00e9bec.&nbsp; Nous contacterons le Chapitre en septembre pour leur proposer une activit\u00e9 en janvier ou f\u00e9vrier 2018 et notre aide.&nbsp; Il a \u00e9t\u00e9 convenu que l\u2019activit\u00e9 se tiendra dans un point central \u00e0 Qu\u00e9bec, plut\u00f4t qu\u2019au Mess des officiers de la Base de Valcartier.&nbsp; D\u2019ici l\u00e0, il faut trouver un sujet\/un conf\u00e9rencier.&nbsp; Jean-S\u00e9bastien va faire un rappel via courriel.&nbsp; \/ Jean-S\u00e9bastien<\/p>\n\n<p>Pour notre prochaine AGA, nous devons trouver un(e) conf\u00e9rencier(i\u00e8re).&nbsp; Une suggestion est d\u2019inviter un sp\u00e9cialiste du nouveau syst\u00e8me \u00ab e-dotation \u00bb.&nbsp; Une autre suggestion est de r\u00e9inviter Mmes Nadia El-Mabrouk et Mich\u00e8le Sirois, qui avaient pr\u00e9sent\u00e9es \u00ab Vivre ensemble autour de valeurs communes \u00bb le 5 juin dernier pour le Chapitre de la Ville de Qu\u00e9bec. &nbsp;<br \/>\nUne autre suggestion est de contacter un professeur de l\u2019Universit\u00e9 Laval sp\u00e9cialis\u00e9 dans un sujet passionnant ou quelqu\u2019un du monde des affaires de Qu\u00e9bec, comme Louis Garneau. \/ Jean-Luc, Omar, Janot et Jean-S\u00e9bastien<br \/>\nLa date de la prochaine AGA est fix\u00e9e vers la fin d\u2019octobre 2017.&nbsp;<\/p>\n\n<p>10.&nbsp;Bilan financier au 31 d\u00e9cembre 2016. \/ &nbsp;Jean-S\u00e9bastien\/&nbsp;Jean-S\u00e9bastien pr\u00e9sente le bilan financier au 31 d\u00e9cembre 2016. &nbsp;&nbsp;<\/p>\n\n<p>11.&nbsp;Questionne-ment au sujet des donn\u00e9es du syst\u00e8me de contr\u00f4le d\u2019acc\u00e8s des employ\u00e9s du RDDC-Centre de recherches de Valcartier pour le logiciel PIMS en gestion de projet \/&nbsp;Jean-Luc\/&nbsp;Une pr\u00e9occupation est soulev\u00e9e par l\u2019utilisation du logiciel PIMPS par les gestionnaires de projet du RDDC pour entrer les heures travaill\u00e9es par les employ\u00e9s.&nbsp; Est-ce que ceux-ci ou les chefs de section peuvent avoir acc\u00e8s aux heures d\u2019entr\u00e9e et de sortie des employ\u00e9s gr\u00e2ce aux donn\u00e9es du syst\u00e8me de contr\u00f4le d\u2019acc\u00e8s des employ\u00e9s?&nbsp; Janot s\u2019est inform\u00e9 aupr\u00e8s du Directeur du RDDC et ce dernier a confirm\u00e9 qu\u2019il est interdit \u00e0 quiconque de demander ces informations.&nbsp; Les commissionnaires qui ont acc\u00e8s \u00e0 ces donn\u00e9es ne peuvent divulguer cette information.<br \/>\n&nbsp;<br \/>\n12.&nbsp;Affaires nouvelles \/&nbsp;\/&nbsp;Se procurer le livret \u00ab Guide protocolaire des rencontres \u00bb \/ Janot&nbsp;<\/p>\n\n<p>13.&nbsp;Date de la prochaine rencontre du comit\u00e9 ex\u00e9cutif \/&nbsp;Jean-S\u00e9bastien\/&nbsp;Il est convenu que la prochaine rencontre du comit\u00e9 ex\u00e9cutif aura lieu le 4 septembre 2017.&nbsp;<\/p>\n\n<p>14.&nbsp;Cl\u00f4ture de la r\u00e9union \/ &nbsp;Jean-Luc\/&nbsp;Sur proposition de Jean-Luc B\u00e9dard, appuy\u00e9 par Jean-S\u00e9bastien Binette, la r\u00e9union s\u2019est cl\u00f4tur\u00e9e \u00e0 20h10.&nbsp;<\/p>\n<\/div>","protected":false},"excerpt":{"rendered":"<p>Sous-groupe NR, Ville de Qu\u00e9bec Compte-rendu de la 1i\u00e8re r\u00e9union du comit\u00e9 ex\u00e9cutif de 2017 Tenue le 11 juillet 2017 Au restaurant Le Houston \u00e0 Qu\u00e9bec Date: Mardi 11 juillet 2017 Endroit: Restaurant Le Houston, 5700 boulevard des Galeries, Qu\u00e9bec Objet:&nbsp; Premi\u00e8re r\u00e9union du comit\u00e9 ex\u00e9cutif du Sous-groupe NR Ville de Qu\u00e9bec de 2017 Administrateurs &hellip;<\/p>\n","protected":false},"author":9,"featured_media":0,"comment_status":"open","ping_status":"open","sticky":false,"template":"","format":"standard","meta":{"_acf_changed":false,"footnotes":""},"categories":[2529],"group":[196,1057],"region":[],"employer":[],"chapter":[],"class_list":["post-56032","post","type-post","status-publish","format-standard","hentry","category-nouvelles","group-groupe-genie-architecture-et-arpentage-fr","group-nr-ville-de-quebec-qc-fr"],"acf":[],"_links":{"self":[{"href":"https:\/\/pipsc.ca\/fr\/wp-json\/wp\/v2\/posts\/56032","targetHints":{"allow":["GET"]}}],"collection":[{"href":"https:\/\/pipsc.ca\/fr\/wp-json\/wp\/v2\/posts"}],"about":[{"href":"https:\/\/pipsc.ca\/fr\/wp-json\/wp\/v2\/types\/post"}],"author":[{"embeddable":true,"href":"https:\/\/pipsc.ca\/fr\/wp-json\/wp\/v2\/users\/9"}],"replies":[{"embeddable":true,"href":"https:\/\/pipsc.ca\/fr\/wp-json\/wp\/v2\/comments?post=56032"}],"version-history":[{"count":0,"href":"https:\/\/pipsc.ca\/fr\/wp-json\/wp\/v2\/posts\/56032\/revisions"}],"wp:attachment":[{"href":"https:\/\/pipsc.ca\/fr\/wp-json\/wp\/v2\/media?parent=56032"}],"wp:term":[{"taxonomy":"category","embeddable":true,"href":"https:\/\/pipsc.ca\/fr\/wp-json\/wp\/v2\/categories?post=56032"},{"taxonomy":"group","embeddable":true,"href":"https:\/\/pipsc.ca\/fr\/wp-json\/wp\/v2\/group?post=56032"},{"taxonomy":"region","embeddable":true,"href":"https:\/\/pipsc.ca\/fr\/wp-json\/wp\/v2\/region?post=56032"},{"taxonomy":"employer","embeddable":true,"href":"https:\/\/pipsc.ca\/fr\/wp-json\/wp\/v2\/employer?post=56032"},{"taxonomy":"chapter","embeddable":true,"href":"https:\/\/pipsc.ca\/fr\/wp-json\/wp\/v2\/chapter?post=56032"}],"curies":[{"name":"wp","href":"https:\/\/api.w.org\/{rel}","templated":true}]}}