{"id":53428,"date":"2025-05-21T00:00:00","date_gmt":"2025-05-21T00:00:00","guid":{"rendered":"https:\/\/pipsc.ca\/faites-partie-de-lequipe-de-negociation-du-groupe-rec\/"},"modified":"2025-05-21T00:00:00","modified_gmt":"2025-05-21T00:00:00","slug":"faites-partie-de-lequipe-de-negociation-du-groupe-rec","status":"publish","type":"post","link":"https:\/\/pipsc.ca\/fr\/faites-partie-de-lequipe-de-negociation-du-groupe-rec\/","title":{"rendered":"Faites partie de l\u2019\u00e9quipe de n\u00e9gociation du groupe REC"},"content":{"rendered":"<div class=\"container\">\n<p>L\u2019ex\u00e9cutif du groupe R\u00e9gie de l\u2019\u00e9nergie du Canada (REC) de l\u2019IPFPC recherche des membres pour se joindre \u00e0 l\u2019\u00e9quipe de n\u00e9gociation en vue de la prochaine ronde de n\u00e9gociations collectives avec l\u2019employeur.<\/p>\n\n<p>C\u2019est l\u2019occasion d\u2019approfondir votre engagement aupr\u00e8s du syndicat, de participer activement au processus de n\u00e9gociation et de contribuer \u00e0 l\u2019am\u00e9lioration de la vie de vos coll\u00e8gues \u00e0 la table de n\u00e9gociations.<br \/>\n<br \/>\nNous vous encourageons \u00e0 poser votre candidature pour cette opportunit\u00e9 de leadership, en particulier si vous appartenez \u00e0 un groupe en qu\u00eate d\u2019\u00e9quit\u00e9. Le groupe REC tiendra compte des int\u00e9r\u00eats et des points de vue des membres et cherchera \u00e0 constituer une \u00e9quipe de n\u00e9gociation repr\u00e9sentative de sa diversit\u00e9.<br \/>\n&nbsp;<\/p>\n\n<h2><strong>Pour soumettre votre candidature :<\/strong><\/h2>\n\n<p>Si vous souhaitez vous faire l\u2019\u00e9cho des int\u00e9r\u00eats de votre profession, veuillez envoyer votre d\u00e9claration d\u2019int\u00e9r\u00eat \u00e0 Marie Ammais, \u00e0 l\u2019adresse mammais@pipsc.ca, d\u00e8s que possible. Veuillez inclure un bref \u00e9nonc\u00e9 des raisons pour lesquelles vous souhaitez vous joindre \u00e0 l\u2019\u00e9quipe de n\u00e9gociation. <strong>La date limite d\u2019envoi de la d\u00e9claration d\u2019int\u00e9r\u00eat est le 9 juin 2025 \u00e0 midi (HE).<\/strong><br \/>\n<br \/>\nSi votre candidature est accept\u00e9e, nous vous en informerons apr\u00e8s la r\u00e9union de juin de l\u2019ex\u00e9cutif du groupe REC.<br \/>\n&nbsp;<\/p>\n\n<h2><strong>Exigences :[7]&nbsp;<\/strong><\/h2>\n\n<p>Les membres de l\u2019\u00e9quipe qui exerceront cette fonction devront y consacrer beaucoup de temps.<\/p>\n\n<p>Ils et elles devront :<\/p>\n\n<p>\u25cf&nbsp; &nbsp; &nbsp; &nbsp; discuter de leur participation avec leur chef d\u2019\u00e9quipe;<\/p>\n\n<p>\u25cf&nbsp; &nbsp; &nbsp; &nbsp; s\u2019engager dans le processus en y consacrant du temps tout au long de la p\u00e9riode de n\u00e9gociation;<\/p>\n\n<p>\u25cf&nbsp; &nbsp; &nbsp; &nbsp; \u00eatre pr\u00eat\u00b7es \u00e0 prendre le plus de d\u00e9cisions par consensus possibles;<\/p>\n\n<p>\u25cf&nbsp; &nbsp; &nbsp; &nbsp; repr\u00e9senter tous les membres du groupe REC, quelle que soit leur profession;<\/p>\n\n<p>\u25cf&nbsp; &nbsp; &nbsp; &nbsp; respecter la confidentialit\u00e9 du processus de n\u00e9gociation.<\/p>\n\n<h2><strong>Calendrier :<\/strong><\/h2>\n\n<p>Les travaux de pr\u00e9paration commenceront fin 2025 ou d\u00e9but 2026.<\/p>\n\n<p>D\u2019autres r\u00e9unions d\u2019\u00e9quipe seront organis\u00e9es, au besoin, pour pr\u00e9parer les n\u00e9gociations.<\/p>\n\n<p>Les n\u00e9gociations actives devraient d\u00e9buter \u00e0 l\u2019automne 2026 et se poursuivre tout au long de l\u2019ann\u00e9e 2027. Elles n\u00e9cessiteront environ trois \u00e0 quatre jours toutes les six \u00e0 huit semaines, avec du travail occasionnel en dehors des heures de bureau ou pendant la fin de semaine.<\/p>\n\n<p>Dans l\u2019ensemble, les efforts de l\u2019\u00e9quipe de n\u00e9gociation pourraient s\u2019\u00e9tendre sur deux ans ou plus.<\/p>\n\n<p>&nbsp;<\/p>\n<\/div>","protected":false},"excerpt":{"rendered":"<p>L\u2019ex\u00e9cutif du groupe R\u00e9gie de l\u2019\u00e9nergie du Canada (REC) de l\u2019IPFPC recherche des membres pour se joindre \u00e0 l\u2019\u00e9quipe de n\u00e9gociation en vue de la prochaine ronde de n\u00e9gociations collectives avec l\u2019employeur. C\u2019est l\u2019occasion d\u2019approfondir votre engagement aupr\u00e8s du syndicat, de participer activement au processus de n\u00e9gociation et de contribuer \u00e0 l\u2019am\u00e9lioration de la vie &hellip;<\/p>\n","protected":false},"author":9,"featured_media":0,"comment_status":"open","ping_status":"open","sticky":false,"template":"","format":"standard","meta":{"_acf_changed":false,"footnotes":""},"categories":[71,2529],"group":[154],"region":[],"employer":[],"chapter":[],"class_list":["post-53428","post","type-post","status-publish","format-standard","hentry","category-negociation","category-nouvelles","group-groupe-office-national-de-lenergie-employes-professionnels-fr"],"acf":[],"_links":{"self":[{"href":"https:\/\/pipsc.ca\/fr\/wp-json\/wp\/v2\/posts\/53428","targetHints":{"allow":["GET"]}}],"collection":[{"href":"https:\/\/pipsc.ca\/fr\/wp-json\/wp\/v2\/posts"}],"about":[{"href":"https:\/\/pipsc.ca\/fr\/wp-json\/wp\/v2\/types\/post"}],"author":[{"embeddable":true,"href":"https:\/\/pipsc.ca\/fr\/wp-json\/wp\/v2\/users\/9"}],"replies":[{"embeddable":true,"href":"https:\/\/pipsc.ca\/fr\/wp-json\/wp\/v2\/comments?post=53428"}],"version-history":[{"count":0,"href":"https:\/\/pipsc.ca\/fr\/wp-json\/wp\/v2\/posts\/53428\/revisions"}],"wp:attachment":[{"href":"https:\/\/pipsc.ca\/fr\/wp-json\/wp\/v2\/media?parent=53428"}],"wp:term":[{"taxonomy":"category","embeddable":true,"href":"https:\/\/pipsc.ca\/fr\/wp-json\/wp\/v2\/categories?post=53428"},{"taxonomy":"group","embeddable":true,"href":"https:\/\/pipsc.ca\/fr\/wp-json\/wp\/v2\/group?post=53428"},{"taxonomy":"region","embeddable":true,"href":"https:\/\/pipsc.ca\/fr\/wp-json\/wp\/v2\/region?post=53428"},{"taxonomy":"employer","embeddable":true,"href":"https:\/\/pipsc.ca\/fr\/wp-json\/wp\/v2\/employer?post=53428"},{"taxonomy":"chapter","embeddable":true,"href":"https:\/\/pipsc.ca\/fr\/wp-json\/wp\/v2\/chapter?post=53428"}],"curies":[{"name":"wp","href":"https:\/\/api.w.org\/{rel}","templated":true}]}}