{"id":53301,"date":"2024-12-20T00:00:00","date_gmt":"2024-12-20T00:00:00","guid":{"rendered":"https:\/\/pipsc.ca\/bsif-ipfpc-lettre-dentente-sur-le-teletravail\/"},"modified":"2024-12-20T00:00:00","modified_gmt":"2024-12-20T00:00:00","slug":"bsif-ipfpc-lettre-dentente-sur-le-teletravail","status":"publish","type":"post","link":"https:\/\/pipsc.ca\/fr\/bsif-ipfpc-lettre-dentente-sur-le-teletravail\/","title":{"rendered":"BSIF-IPFPC&#8211; Lettre d&#8217;Entente sur le T\u00e9l\u00e9travail"},"content":{"rendered":"<div class=\"container\">\n<div class=\"WordSection1\">\n<p class=\"MsoBodyText\">&nbsp;<\/p>\n\n<div class=\"WordSection1\">\n<h1>LETTRE D\u2019ENTENTE ENTRE LE BUREAU DU SURINTENDANT&nbsp; &nbsp; &nbsp; &nbsp; &nbsp; &nbsp; &nbsp;DES INSTITUTIONS FINANCI\u00c8RES&nbsp;<strong>ET L\u2019INSTITUT&nbsp; &nbsp; &nbsp;PROFESSIONNEL DE LA FONCTION PUBLIQUE DU CANADA&nbsp; &nbsp; &nbsp; &nbsp; &nbsp; &nbsp; &nbsp; &nbsp; &nbsp; &nbsp; &nbsp; &nbsp; &nbsp;CONCERNANT&nbsp;LE T\u00c9L\u00c9TRAVAIL<\/strong><\/h1>\n\n<p class=\"MsoBodyText\"><strong>&nbsp;<\/strong><\/p>\n\n<h2>Les parties conviennent de signer une lettre d\u2019entente concernant le t\u00e9l\u00e9travail qui ne fera pas partie de la convention collective.<\/h2>\n\n<p class=\"MsoBodyText\"><strong><em>&nbsp;<\/em><\/strong><\/p>\n\n<p class=\"MsoBodyText\">Dans le respect de la Directive sur le t\u00e9l\u00e9travail du BSIF, cette lettre d\u2019entente confirme la compr\u00e9hension commune des parties sur le t\u00e9l\u00e9travail : travail effectu\u00e9 par une personne salari\u00e9e \u00e0 partir d\u2019un endroit autre qu\u2019un lieu de travail d\u00e9sign\u00e9 du BSIF ou d\u2019un bureau satellite du BSIF.<\/p>\n\n<p class=\"MsoBodyText\">&nbsp;<\/p>\n\n<p class=\"MsoBodyText\">Les parties reconnaissent que:<\/p>\n\n<p class=\"MsoBodyText\">&nbsp;<\/p>\n\n<p class=\"MsoListParagraph\"><!--[if !supportLists]-->1.&nbsp;&nbsp;&nbsp;&nbsp;&nbsp;&nbsp;&nbsp;&nbsp;&nbsp;&nbsp;&nbsp;&nbsp;&nbsp;&nbsp; <!--[endif]-->Les r\u00e9gimes de t\u00e9l\u00e9travail peuvent \u00eatre initi\u00e9s par la personne salari\u00e9e, sont volontaires et requi\u00e8rent l\u2019accord mutuel de la personne salari\u00e9e et du Surintendant ou d\u2019un\u00b7e repr\u00e9sentant\u00b7e autoris\u00e9\u00b7e.<\/p>\n\n<p class=\"MsoListParagraph\"><!--[if !supportLists]-->2.&nbsp;&nbsp;&nbsp;&nbsp;&nbsp;&nbsp;&nbsp;&nbsp;&nbsp;&nbsp;&nbsp;&nbsp;&nbsp;&nbsp; <!--[endif]-->Les r\u00e9gimes de t\u00e9l\u00e9travail sont sujets \u00e0 un examen r\u00e9gulier (au moins une fois par ann\u00e9e) et l\u2019une ou l\u2019autre partie peut y mettre fin avec un pr\u00e9avis raisonnable par \u00e9crit.<\/p>\n\n<p class=\"MsoListParagraph\"><!--[if !supportLists]-->3.&nbsp;&nbsp;&nbsp;&nbsp;&nbsp;&nbsp;&nbsp;&nbsp;&nbsp;&nbsp;&nbsp;&nbsp;&nbsp;&nbsp; <!--[endif]-->Le t\u00e9l\u00e9travail n\u2019est pas un droit ni une pr\u00e9rogative de la personne salari\u00e9e, sauf lorsque convenu dans le cadre de l\u2019obligation de prendre des mesures<\/p>\n\n<p class=\"MsoBodyText\">d\u2019adaptation.<\/p>\n\n<p class=\"MsoBodyText\">&nbsp;<\/p>\n\n<p class=\"MsoListParagraph\"><!--[if !supportLists]-->4.&nbsp;&nbsp;&nbsp;&nbsp;&nbsp;&nbsp;&nbsp;&nbsp;&nbsp;&nbsp;&nbsp;&nbsp;&nbsp;&nbsp; <!--[endif]-->Les droits, les obligations et les responsabilit\u00e9s des parties seront convenus avant qu\u2019une entente de t\u00e9l\u00e9travail entre en vigueur. Toute entente peut \u00eatre modifi\u00e9e par accord mutuel de la personne salari\u00e9e et du\/de la repr\u00e9sentant\u00b7e du BSIF.<\/p>\n\n<p class=\"MsoListParagraph\"><!--[if !supportLists]-->5.&nbsp;&nbsp;&nbsp;&nbsp;&nbsp;&nbsp;&nbsp;&nbsp;&nbsp;&nbsp;&nbsp;&nbsp;&nbsp;&nbsp; <!--[endif]-->Les demandes de t\u00e9l\u00e9travail initi\u00e9es par une personne salari\u00e9e seront \u00e9valu\u00e9es au cas par cas et en tenant compte des exigences op\u00e9rationnelles et d\u2019autres facteurs pertinents. Si une demande est refus\u00e9e, la personne salari\u00e9e recevra, par \u00e9crit, les motifs du refus.<\/p>\n\n<p class=\"MsoBodyText\">&nbsp;<\/p>\n\n<p class=\"MsoBodyText\"><u>Comit\u00e9 sur le t\u00e9l\u00e9travail du BSIF<\/u><\/p>\n\n<p class=\"MsoBodyText\">&nbsp;<\/p>\n\n<p class=\"MsoBodyText\">La lettre d\u2019entente pr\u00e9voit la cr\u00e9ation d\u2019un comit\u00e9 du BSIF pour r\u00e9pondre \u00e0<\/p>\n\n<p class=\"MsoBodyText\">l\u2019insatisfaction de la personne salari\u00e9e \u00e0 l\u2019\u00e9gard d\u2019une d\u00e9cision r\u00e9sultant de l\u2019application<\/p>\n<\/div>\n&nbsp;\n\n<div class=\"WordSection2\">\n<p class=\"MsoBodyText\">de la Directive sur le t\u00e9l\u00e9travail du BSIF et de l\u2019Orientation concernant la pr\u00e9sence prescrite au lieu de travail qui peuvent \u00eatre modifi\u00e9es de temps \u00e0 autre, lorsque la proc\u00e9dure formelle de r\u00e8glement des griefs a \u00e9t\u00e9 engag\u00e9e.<\/p>\n\n<p class=\"MsoBodyText\">&nbsp;<\/p>\n\n<p class=\"MsoBodyText\">Les parties reconnaissent :<\/p>\n\n<p class=\"MsoListParagraph\"><!--[if !supportLists]-->\u00b7&nbsp;&nbsp;&nbsp;&nbsp;&nbsp;&nbsp;&nbsp; <!--[endif]-->Que cette lettre d&#8217;entente ne nie aucun droit de grief tel qu&#8217;\u00e9nonc\u00e9 dans la Loi sur les relations de travail dans le secteur public f\u00e9d\u00e9ral et les r\u00e8glements pertinents.<\/p>\n\n<p class=\"MsoListParagraph\"><!--[if !supportLists]-->\u00b7&nbsp;&nbsp;&nbsp;&nbsp;&nbsp;&nbsp;&nbsp; <!--[endif]-->L&#8217;importance d&#8217;une application coh\u00e9rente de la Directive sur le t\u00e9l\u00e9travail du BSIF qui tient compte des r\u00e9alit\u00e9s et des op\u00e9rations du BSIF.<\/p>\n\n<p class=\"MsoListParagraph\"><!--[if !supportLists]-->\u00b7&nbsp;&nbsp;&nbsp;&nbsp;&nbsp;&nbsp;&nbsp; <!--[endif]-->La cr\u00e9ation d&#8217;un tel comit\u00e9 pour traiter des questions li\u00e9es au t\u00e9l\u00e9travail appuie les discussions informelles et la r\u00e9solution satisfaisante de ces questions.<\/p>\n\n<p class=\"MsoBodyText\">&nbsp;<\/p>\n\n<p class=\"MsoBodyText\">Sur la base de la reconnaissance ci-dessus, les parties conviennent que:<\/p>\n\n<p class=\"MsoListParagraph\"><!--[if !supportLists]-->\u00b7&nbsp;&nbsp;&nbsp;&nbsp;&nbsp;&nbsp;&nbsp; <!--[endif]-->Le BSIF et l\u2019Institut professionnel de la fonction publique du Canada \u00e9laboreront le cadre de r\u00e9f\u00e9rence pour la cr\u00e9ation d\u2019un comit\u00e9 d\u2019ici le 29 f\u00e9vrier 2024 pour<\/p>\n\n<p class=\"MsoBodyText\">traiter l&#8217;insatisfaction \u00e0 l&#8217;\u00e9gard d&#8217;une d\u00e9cision r\u00e9sultant de l\u2019application de<\/p>\n\n<p class=\"MsoBodyText\">la Directive sur le t\u00e9l\u00e9travail du BSIF et de l\u2019Orientation concernant la pr\u00e9sence prescrite au lieu de travail, lorsque la proc\u00e9dure formelle de r\u00e8glement des griefs a \u00e9t\u00e9 engag\u00e9e.<\/p>\n\n<p class=\"MsoListParagraph\"><!--[if !supportLists]-->\u00b7&nbsp;&nbsp;&nbsp;&nbsp;&nbsp;&nbsp;&nbsp; <!--[endif]-->Ce cadre de r\u00e9f\u00e9rence int\u00e8grera les principes suivants :<\/p>\n\n<p class=\"MsoListParagraph\"><!--[if !supportLists]-->o&nbsp;&nbsp; <!--[endif]-->La cr\u00e9ation d\u2019un comit\u00e9 du BSIF avec une repr\u00e9sentation \u00e9gale de l&#8217;employeur et de l\u2019Institut professionnel de la fonction publique du Canada qui examinera les d\u00e9cisions r\u00e9sultant de l&#8217;application de la Directive sur le t\u00e9l\u00e9travail lorsque la proc\u00e9dure formelle officielle de r\u00e8glement des griefs a \u00e9t\u00e9 engag\u00e9e.<\/p>\n\n<p class=\"MsoListParagraph\"><!--[if !supportLists]-->o&nbsp;&nbsp; <!--[endif]-->Lorsqu\u2019une personne salari\u00e9e d\u00e9pose un grief, si aucun r\u00e8glement n\u2019a \u00e9t\u00e9 conclu avant le palier final de la proc\u00e9dure de r\u00e8glement des griefs pr\u00e9vue \u00e0 la convention collective, la personne salari\u00e9e peut r\u00e9f\u00e9rer le grief au comit\u00e9 \u00e9tabli \u00e0 cette fin, auquel cas le grief sera mis en suspens en<\/p>\n\n<p class=\"MsoBodyText\">attendant l&#8217;ach\u00e8vement de l\u2019examen du comit\u00e9.<\/p>\n\n<p class=\"MsoListParagraph\"><!--[if !supportLists]-->o&nbsp;&nbsp; <!--[endif]-->Le comit\u00e9 examinera les soumissions pr\u00e9sent\u00e9es par les parties et soumettra une recommandation au Surintendant ou \u00e0 son\/sa repr\u00e9sentant\u00b7e autoris\u00e9\u00b7e pour la prise de d\u00e9cision dans le cadre du dernier palier de la proc\u00e9dure de r\u00e8glement des griefs. Le comit\u00e9 s\u2019efforcera de fournir une recommandation dans les meilleurs d\u00e9lais possibles, au plus tard 90 jours suivant la r\u00e9ception du grief. Lors de<\/p>\n<\/div>\n&nbsp;\n\n<p class=\"MsoBodyText\">circonstances exceptionnelles ou impr\u00e9vues comme un volume de pr\u00e9sentations particuli\u00e8rement \u00e9lev\u00e9, le d\u00e9lai de 90 jours peut ne pas \u00eatre rencontr\u00e9 et peut \u00eatre prolong\u00e9 par accord mutuel.<\/p>\n\n<p class=\"MsoListParagraph\"><!--[if !supportLists]-->o&nbsp;&nbsp; <!--[endif]-->Ce processus se poursuivra \u00e0 titre d&#8217;essai pendant la dur\u00e9e de la pr\u00e9sente lettre d&#8217;entente.<\/p>\n\n<p class=\"MsoBodyText\">&nbsp;<\/p>\n\n<p class=\"MsoBodyText\"><u>Forum de consultation conjoint sur la Directive sur le t\u00e9l\u00e9travail de l\u2019employeur<\/u><\/p>\n\n<p class=\"MsoBodyText\">&nbsp;<\/p>\n\n<p class=\"MsoBodyText\">Les parties reconnaissent que l\u2019IPFPC a \u00e9t\u00e9 r\u00e9cemment consult\u00e9 sur la Directive de t\u00e9l\u00e9travail du BSIF qui vient d\u2019\u00eatre approuv\u00e9e.<\/p>\n\n<p class=\"MsoBodyText\">&nbsp;<\/p>\n\n<p class=\"MsoBodyText\">Le BSIF accepte de consulter l\u2019IPFPC si des modifications doivent \u00eatre apport\u00e9es \u00e0 la Directive sur le t\u00e9l\u00e9travail.<\/p>\n\n<p class=\"MsoBodyText\">&nbsp;<\/p>\n\n<p class=\"MsoBodyText\"><u>Information<\/u><\/p>\n\n<p class=\"MsoBodyText\">&nbsp;<\/p>\n\n<p class=\"MsoBodyText\">En plus de ce qui est mentionn\u00e9 ci-dessus, le BSIF, sous r\u00e9serve de la <em>Loi sur l\u2019acc\u00e8s \u00e0 l\u2019information <\/em>et de la <em>Loi sur la protection des renseignements personnels<\/em>, s\u2019efforcera de partager des renseignements et de consulter r\u00e9guli\u00e8rement l\u2019Institut professionnel de la fonction publique du Canada sur les opportunit\u00e9s et d\u00e9fis li\u00e9s \u00e0 l\u2019administration du t\u00e9l\u00e9travail incluant les donn\u00e9es recueillies en lien avec le comit\u00e9 sur le t\u00e9l\u00e9travail, lorsque disponibles.<\/p>\n\n<p class=\"MsoBodyText\">&nbsp;<\/p>\n\n<p class=\"MsoBodyText\">Cette lettre d\u2019entente expire le 31 mars 2026.<\/p>\n<\/div>\n<\/div>","protected":false},"excerpt":{"rendered":"<p>&nbsp; LETTRE D\u2019ENTENTE ENTRE LE BUREAU DU SURINTENDANT&nbsp; &nbsp; &nbsp; &nbsp; &nbsp; &nbsp; &nbsp;DES INSTITUTIONS FINANCI\u00c8RES&nbsp;ET L\u2019INSTITUT&nbsp; &nbsp; &nbsp;PROFESSIONNEL DE LA FONCTION PUBLIQUE DU CANADA&nbsp; &nbsp; &nbsp; &nbsp; &nbsp; &nbsp; &nbsp; &nbsp; &nbsp; &nbsp; &nbsp; &nbsp; &nbsp;CONCERNANT&nbsp;LE T\u00c9L\u00c9TRAVAIL &nbsp; Les parties conviennent de signer une lettre d\u2019entente concernant le t\u00e9l\u00e9travail qui ne fera pas partie &hellip;<\/p>\n","protected":false},"author":9,"featured_media":0,"comment_status":"open","ping_status":"open","sticky":false,"template":"","format":"standard","meta":{"_acf_changed":false,"footnotes":""},"categories":[2529],"group":[197],"region":[],"employer":[],"chapter":[],"class_list":["post-53301","post","type-post","status-publish","format-standard","hentry","category-nouvelles","group-groupe-bsif-employes-professionnels-fr"],"acf":[],"_links":{"self":[{"href":"https:\/\/pipsc.ca\/fr\/wp-json\/wp\/v2\/posts\/53301","targetHints":{"allow":["GET"]}}],"collection":[{"href":"https:\/\/pipsc.ca\/fr\/wp-json\/wp\/v2\/posts"}],"about":[{"href":"https:\/\/pipsc.ca\/fr\/wp-json\/wp\/v2\/types\/post"}],"author":[{"embeddable":true,"href":"https:\/\/pipsc.ca\/fr\/wp-json\/wp\/v2\/users\/9"}],"replies":[{"embeddable":true,"href":"https:\/\/pipsc.ca\/fr\/wp-json\/wp\/v2\/comments?post=53301"}],"version-history":[{"count":0,"href":"https:\/\/pipsc.ca\/fr\/wp-json\/wp\/v2\/posts\/53301\/revisions"}],"wp:attachment":[{"href":"https:\/\/pipsc.ca\/fr\/wp-json\/wp\/v2\/media?parent=53301"}],"wp:term":[{"taxonomy":"category","embeddable":true,"href":"https:\/\/pipsc.ca\/fr\/wp-json\/wp\/v2\/categories?post=53301"},{"taxonomy":"group","embeddable":true,"href":"https:\/\/pipsc.ca\/fr\/wp-json\/wp\/v2\/group?post=53301"},{"taxonomy":"region","embeddable":true,"href":"https:\/\/pipsc.ca\/fr\/wp-json\/wp\/v2\/region?post=53301"},{"taxonomy":"employer","embeddable":true,"href":"https:\/\/pipsc.ca\/fr\/wp-json\/wp\/v2\/employer?post=53301"},{"taxonomy":"chapter","embeddable":true,"href":"https:\/\/pipsc.ca\/fr\/wp-json\/wp\/v2\/chapter?post=53301"}],"curies":[{"name":"wp","href":"https:\/\/api.w.org\/{rel}","templated":true}]}}