{"id":52475,"date":"2021-10-15T00:00:00","date_gmt":"2021-10-15T00:00:00","guid":{"rendered":"https:\/\/pipsc.ca\/appel-de-candidatures-a-un-poste-de-lexecutif-du-groupe-onf\/"},"modified":"2021-10-15T00:00:00","modified_gmt":"2021-10-15T00:00:00","slug":"appel-de-candidatures-a-un-poste-de-lexecutif-du-groupe-onf","status":"publish","type":"post","link":"https:\/\/pipsc.ca\/fr\/appel-de-candidatures-a-un-poste-de-lexecutif-du-groupe-onf\/","title":{"rendered":"Appel de candidatures \u00e0 un poste de l\u2019ex\u00e9cutif du groupe ONF"},"content":{"rendered":"<div class=\"container\">\n<p>Nous sollicitions des candidatures pour les postes suivants&nbsp;:<\/p>\n\n<ul>\n\t<li>Pr\u00e9sident \u2014 18 mois<\/li>\n\t<li>Vice-pr\u00e9sident \u2014 36 mois<\/li>\n\t<li>Secr\u00e9taire \u2014 36 mois<\/li>\n\t<li>Tr\u00e9sorier \u2014 18 mois<\/li>\n\t<li>Membre actif \u2014 18 mois<\/li>\n\t<li>Membre actif \u2014 36 mois<\/li>\n<\/ul>\n\n<p>Soumettez votre candidature au plus tard le <strong>15&nbsp;novembre 2021<\/strong> au moyen du formulaire ci-dessous.<\/p>\n\n<p>Vous \u00eates encourag\u00e9s \u00e0 profiter de cette occasion de devenir un leader syndical, surtout si vous vous identifiez comme membre d\u2019un groupe en qu\u00eate d\u2019\u00e9quit\u00e9.<\/p>\n\n<p>L\u2019appel de candidatures et la proc\u00e9dure \u00e9lectorale sont r\u00e9gis par nos <a href=\"https:\/\/pipsc.ca\/fr\/groupes\/onf\/statuts\">statuts<\/a>.<\/p>\n\n<p>En voici un r\u00e9sum\u00e9&nbsp;:<\/p>\n\n<ul>\n\t<li>Chaque candidature doit recueillir l\u2019appui d\u2019au moins deux membres du Groupe.<\/li>\n\t<li>Le Comit\u00e9 des \u00e9lections examine ensuite les candidatures pour s\u2019assurer qu\u2019elles sont admissibles.<\/li>\n\t<li>Au besoin, il tiendra un vote.<\/li>\n<\/ul>\n\n<p>&nbsp;En tant que membre de l\u2019ex\u00e9cutif du Groupe, vous assumerez plusieurs fonctions&nbsp;:<\/p>\n\n<ul>\n\t<li>D\u00e9fendre les int\u00e9r\u00eats professionnels des membres;<\/li>\n\t<li>Prot\u00e9ger le statut et les normes de votre profession;<\/li>\n\t<li>D\u00e9fendre le point de vue des membres sur les dossiers les concernant;<\/li>\n\t<li>Veiller \u00e0 ce que les int\u00e9r\u00eats du Groupe soient repr\u00e9sent\u00e9s dans toutes les d\u00e9marches de l\u2019IPFPC aupr\u00e8s de l\u2019employeur.<\/li>\n<\/ul>\n\n<p>Il s\u2019agit d\u2019un poste de b\u00e9n\u00e9vole.&nbsp;<\/p>\n\n<!-- form.123formbuilder.com script begins here --><iframe allowTransparency=\"true\" style=\"min-height:300px; height:inherit; overflow:auto;\" width=\"100%\" id=\"contactform123\" name=\"contactform123\" marginwidth=\"0\" marginheight=\"0\" frameborder=\"0\" src=\"https:\/\/form.123formbuilder.com\/my-contact-form-6015175.html\"><p>Your browser does not support iframes. The contact form cannot be displayed. Please use another contact method (phone, fax etc)<\/p><\/iframe><!-- form.123formbuilder.com script ends here -->\n<\/div>","protected":false},"excerpt":{"rendered":"<p>Nous sollicitions des candidatures pour les postes suivants&nbsp;: Pr\u00e9sident \u2014 18 mois Vice-pr\u00e9sident \u2014 36 mois Secr\u00e9taire \u2014 36 mois Tr\u00e9sorier \u2014 18 mois Membre actif \u2014 18 mois Membre actif \u2014 36 mois Soumettez votre candidature au plus tard le 15&nbsp;novembre 2021 au moyen du formulaire ci-dessous. Vous \u00eates encourag\u00e9s \u00e0 profiter de cette &hellip;<\/p>\n","protected":false},"author":9,"featured_media":0,"comment_status":"open","ping_status":"open","sticky":false,"template":"","format":"standard","meta":{"_acf_changed":false,"footnotes":""},"categories":[2529],"group":[162],"region":[],"employer":[],"chapter":[],"class_list":["post-52475","post","type-post","status-publish","format-standard","hentry","category-nouvelles","group-groupe-office-national-du-film-groupe-professionnel-fr"],"acf":[],"_links":{"self":[{"href":"https:\/\/pipsc.ca\/fr\/wp-json\/wp\/v2\/posts\/52475","targetHints":{"allow":["GET"]}}],"collection":[{"href":"https:\/\/pipsc.ca\/fr\/wp-json\/wp\/v2\/posts"}],"about":[{"href":"https:\/\/pipsc.ca\/fr\/wp-json\/wp\/v2\/types\/post"}],"author":[{"embeddable":true,"href":"https:\/\/pipsc.ca\/fr\/wp-json\/wp\/v2\/users\/9"}],"replies":[{"embeddable":true,"href":"https:\/\/pipsc.ca\/fr\/wp-json\/wp\/v2\/comments?post=52475"}],"version-history":[{"count":0,"href":"https:\/\/pipsc.ca\/fr\/wp-json\/wp\/v2\/posts\/52475\/revisions"}],"wp:attachment":[{"href":"https:\/\/pipsc.ca\/fr\/wp-json\/wp\/v2\/media?parent=52475"}],"wp:term":[{"taxonomy":"category","embeddable":true,"href":"https:\/\/pipsc.ca\/fr\/wp-json\/wp\/v2\/categories?post=52475"},{"taxonomy":"group","embeddable":true,"href":"https:\/\/pipsc.ca\/fr\/wp-json\/wp\/v2\/group?post=52475"},{"taxonomy":"region","embeddable":true,"href":"https:\/\/pipsc.ca\/fr\/wp-json\/wp\/v2\/region?post=52475"},{"taxonomy":"employer","embeddable":true,"href":"https:\/\/pipsc.ca\/fr\/wp-json\/wp\/v2\/employer?post=52475"},{"taxonomy":"chapter","embeddable":true,"href":"https:\/\/pipsc.ca\/fr\/wp-json\/wp\/v2\/chapter?post=52475"}],"curies":[{"name":"wp","href":"https:\/\/api.w.org\/{rel}","templated":true}]}}