{"id":48429,"date":"2023-09-14T00:00:00","date_gmt":"2023-09-14T00:00:00","guid":{"rendered":"https:\/\/pipsc.ca\/proces-verbal-de-lassemblee-generale-annuelle-du-chapitre-de-gander-de-lipfpc\/"},"modified":"2023-09-14T00:00:00","modified_gmt":"2023-09-14T00:00:00","slug":"proces-verbal-de-lassemblee-generale-annuelle-du-chapitre-de-gander-de-lipfpc","status":"publish","type":"post","link":"https:\/\/pipsc.ca\/fr\/proces-verbal-de-lassemblee-generale-annuelle-du-chapitre-de-gander-de-lipfpc\/","title":{"rendered":"Proc\u00e8s-verbal de l\u2019assembl\u00e9e g\u00e9n\u00e9rale annuelle du chapitre de Gander de l\u2019IPFPC"},"content":{"rendered":"<div class=\"container\">\n<h2><strong>Proc\u00e8s-verbal de l\u2019assembl\u00e9e g\u00e9n\u00e9rale annuelle du chapitre de Gander de l\u2019IPFPC<\/strong><\/h2>\n\n<p><strong>19&nbsp;d\u00e9cembre&nbsp;2022, sur Zoom&nbsp;<\/strong><\/p>\n\n<p>&nbsp;<\/p>\n\n<p>La r\u00e9union commence \u00e0 19&nbsp;h&nbsp;05 HNE et est pr\u00e9sid\u00e9e par Daniel MacKenzie.<\/p>\n\n<p>&nbsp;<\/p>\n\n<p><strong>1. Appel nominal<\/strong><\/p>\n\n<div>\n<table>\n\t<tbody>\n\t\t<tr>\n\t\t\t<td>\n\t\t\t<p>Ex\u00e9cutif du Chapitre&nbsp;:&nbsp;<\/p>\n\n\t\t\t<p>Daniel MacKenzie Pr\u00e9sident<\/p>\n\n\t\t\t<p>Juliana Paul Tr\u00e9sori\u00e8re&nbsp;<\/p>\n\n\t\t\t<p>Wanda Batten Secr\u00e9taire<\/p>\n\t\t\t<\/td>\n\t\t\t<td>\n\t\t\t<p>Membres du Chapitre&nbsp;:&nbsp;<\/p>\n\n\t\t\t<p>Daniel Huang (***avec un peu de retard)<\/p>\n\n\t\t\t<p>Daniel Jubainville<\/p>\n\n\t\t\t<p>David Neil<\/p>\n\n\t\t\t<p>Joel White<\/p>\n\t\t\t<\/td>\n\t\t<\/tr>\n\t\t<tr>\n\t\t\t<td>&nbsp;<\/td>\n\t\t\t<td>&nbsp;<\/td>\n\t\t<\/tr>\n\t<\/tbody>\n<\/table>\n<\/div>\n\n<p><strong>2. Adoption de l\u2019ordre du jour<\/strong><\/p>\n\n<p>Motion d\u2019acceptation de l\u2019ordre du jour par D. Jubainville, avec l\u2019appui de J. White.&nbsp; Motion adopt\u00e9e.&nbsp;&nbsp;&nbsp;<\/p>\n\n<p>&nbsp;<\/p>\n\n<p><strong>3. Adoption du proc\u00e8s-verbal de l\u2019AGA du 27&nbsp;septembre 2021<\/strong><\/p>\n\n<p>MacKenzie propose l\u2019acceptation du proc\u00e8s-verbal avec l\u2019appui de Neil. Motion adopt\u00e9e.&nbsp;&nbsp;&nbsp;<\/p>\n\n<p>&nbsp;<\/p>\n\n<p><strong>4. Affaires non trait\u00e9es d\u00e9coulant du proc\u00e8s-verbal&nbsp;<\/strong><\/p>\n\n<p>Il n\u2019y a pas de point de suivi en suspens du proc\u00e8s-verbal pr\u00e9c\u00e9dent.<\/p>\n\n<p>&nbsp;<\/p>\n\n<p><strong>5. Rapport du pr\u00e9sident&nbsp; <\/strong>(Le lien vers le rapport du pr\u00e9sident est <a href=\"https:\/\/docs.google.com\/document\/d\/1k8DUXq6FAUgd1v8na-JsOCVUWnHbB7Zc\/edit?usp=sharing&amp;ouid=112233722624748379229&amp;rtpof=true&amp;sd=true\" target=\"_blank\" rel=\"noopener\">ici<\/a>)<\/p>\n\n<ul>\n\t<li>MacKenzie remercie tout le monde pour l\u2019occasion qu\u2019il a eue d\u2019\u00eatre pr\u00e9sident au cours de l\u2019ann\u00e9e \u00e9coul\u00e9e.&nbsp;<\/li>\n\t<li>Discussion \u00e0 propos des membres; nous avons 85 membres titulaires et 2 cotisants Rand \u00e0 Corner Brook.<\/li>\n\t<li>\u00c9num\u00e9ration des d\u00e9l\u00e9gu\u00e9s syndicaux de notre chapitre ainsi que des deux nouveaux aspirants d\u00e9l\u00e9gu\u00e9s syndicaux.<\/li>\n\t<li>Discussion sur les formations pass\u00e9es et \u00e0 venir.&nbsp;<\/li>\n\t<li>Bref rappel de la derni\u00e8re r\u00e9union du Conseil r\u00e9gional de l\u2019Atlantique et de celle pr\u00e9vue au printemps prochain, ainsi que certains des sujets abord\u00e9s lors de cette r\u00e9union.&nbsp;<\/li>\n<\/ul>\n\n<p>&nbsp;<\/p>\n\n<p>Neil propose l\u2019acceptation du rapport avec l\u2019appui de Jubainville.&nbsp; Motion adopt\u00e9e.&nbsp; Rapport adopt\u00e9.&nbsp;&nbsp;<\/p>\n\n<p><br \/>\n&nbsp;<\/p>\n\n<p><strong>6. Rapport du Conseil r\u00e9gional de l\u2019Atlantique de 2022&nbsp;<\/strong><\/p>\n\n<p>MacKenzie pr\u00e9sente un rapport sur le CRA auquel Devon Telford et lui-m\u00eame ont particip\u00e9 les 26 et 27&nbsp;mai \u00e0 Halifax.&nbsp;&nbsp;&nbsp;&nbsp;<\/p>\n\n<ul>\n\t<li>Discussion d\u2019une s\u00e9ance de simulation de l\u2019AGA qu\u2019ils ont organis\u00e9e \u00e0 titre d\u2019entra\u00eenement pour donner aux gens une id\u00e9e de la proc\u00e9dure.<\/li>\n\t<li>Pr\u00e9sentation de la s\u00e9ance de travail, avec le rapport du pr\u00e9sident, le rapport financier et d\u2019autres points habituels.<\/li>\n\t<li>Discussion sur les griefs survenus au cours de l\u2019ann\u00e9e \u00e9coul\u00e9e.&nbsp;<\/li>\n\t<li>Mention du rapport du vice-pr\u00e9sident.<\/li>\n\t<li>Discussion sur les propositions que la R\u00e9gion de l\u2019Atlantique a pr\u00e9sent\u00e9es pour l\u2019AGA de l\u2019IPFPC.&nbsp;<\/li>\n\t<li>Mention des autres pr\u00e9sentations int\u00e9ressantes.&nbsp;<\/li>\n<\/ul>\n\n<p>&nbsp;<\/p>\n\n<p>White propose l\u2019acceptation du rapport avec l\u2019appui de Batten.&nbsp; Motion adopt\u00e9e.&nbsp; Rapport adopt\u00e9.<\/p>\n\n<p>&nbsp;&nbsp;<\/p>\n\n<p><strong>7. Assembl\u00e9e g\u00e9n\u00e9rale annuelle&nbsp;2022&nbsp;<\/strong><\/p>\n\n<p>Jubainville pr\u00e9sente un rapport sur l\u2019AGA \u00e0 laquelle il a assist\u00e9 les 18 et 19&nbsp;novembre \u00e0 Montr\u00e9al.&nbsp;&nbsp;&nbsp;&nbsp;<\/p>\n\n<ul>\n\t<li>\u00c9v\u00e9nement tenu \u00e0 Montr\u00e9al et le sera \u00e0 l\u2019avenir en raison de la capacit\u00e9 de la ville \u00e0 accueillir un grand nombre de participants.<\/li>\n\t<li>Premi\u00e8re matin\u00e9e consacr\u00e9e aux questions d\u2019affaires.<\/li>\n\t<li>Discussion de certaines motions pr\u00e9sent\u00e9es, dont certaines ont \u00e9t\u00e9 adopt\u00e9es et d\u2019autres, rejet\u00e9es.\n\t<ul>\n\t\t<li>Professionnels Canada&nbsp;: motion rejet\u00e9e il y a quelques AGA, mais a fait l\u2019objet d\u2019une discussion.<\/li>\n\t\t<li>Limite de projet de 500&nbsp;000&nbsp;$ sans l\u2019approbation de l\u2019AGA \u2014 approuv\u00e9e cependant la proposition de 1&nbsp;000&nbsp;000&nbsp;$ a \u00e9t\u00e9 rejet\u00e9e.<\/li>\n\t\t<li>Financement unique pour les \u00e9v\u00e9nements syndicaux \u2014 rejet\u00e9e<\/li>\n\t\t<li>Acc\u00e9l\u00e9ration de la validation des remboursements de frais de voyage \u2014 approuv\u00e9e&nbsp;<\/li>\n\t\t<li>Obtention par le groupe SP d\u2019un si\u00e8ge permanent au conseil scientifique \u2014 rejet\u00e9e<\/li>\n\t\t<li>Interdiction des mati\u00e8res plastiques \u00e0 usage unique pour les r\u00e9unions et \u00e9v\u00e9nements de l\u2019IPFPC \u2014 approuv\u00e9e<\/li>\n\t<\/ul>\n\t<\/li>\n\t<li>Discussion sur les projets visant \u00e0 faire de l\u2019AGA un \u00e9v\u00e9nement plus important et se rapprochant d\u2019une conf\u00e9rence, avec l\u2019ajout de journ\u00e9es de formation et de pr\u00e9sentations.&nbsp; &nbsp; <sup>&nbsp;<\/sup><\/li>\n<\/ul>\n\n<p>&nbsp;<\/p>\n\n<p>MacKenzie propose l\u2019adoption du rapport avec l\u2019appui de Batten.&nbsp; Motion adopt\u00e9e.&nbsp; Rapport adopt\u00e9.<\/p>\n\n<p>&nbsp;<\/p>\n\n<p><strong>8. R\u00e9unions de l\u2019ex\u00e9cutif du Chapitre<\/strong><\/p>\n\n<p>MacKenzie r\u00e9sume les r\u00e9unions de l\u2019ex\u00e9cutif du Chapitre.&nbsp;&nbsp;<\/p>\n\n<ul>\n\t<li>8&nbsp;d\u00e9cembre 2021<\/li>\n\t<li>24&nbsp;f\u00e9vrier 2022<\/li>\n\t<li>24&nbsp;mai 2022<\/li>\n\t<li>21&nbsp;novembre 2022<\/li>\n<\/ul>\n\n<p>&nbsp;<\/p>\n\n<p><strong>9. Activit\u00e9s et \u00e9v\u00e9nements du Chapitre<\/strong><\/p>\n\n<p>MacKenzie r\u00e9sume les \u00e9v\u00e9nements mis en place ou sugg\u00e9r\u00e9s par le Chapitre.<\/p>\n\n<ul>\n\t<li>D\u00e9cembre&nbsp;2021&nbsp;: Vins et fromages du temps des F\u00eates de Gander \u2014 coordonn\u00e9 avec le sous-groupe; 20 personnes y ont particip\u00e9.&nbsp;<\/li>\n\t<li>D\u00e9cembre&nbsp;2021&nbsp;: Brunch du temps des F\u00eates de Corner Brook \u2014 annul\u00e9 en raison de la COVID-19<\/li>\n\t<li>Juin&nbsp;2022&nbsp;: Lancer de la hache de Gander \u2014 coordonn\u00e9 avec le sous-groupe; 13 personnes y ont particip\u00e9.&nbsp;<\/li>\n\t<li>Printemps&nbsp;2022&nbsp;: Corner Brook \u2014 a offert de l\u2019argent pour co\u00efncider avec l\u2019activit\u00e9 du lancer de la hache, mais ne s\u2019est pas concr\u00e9tis\u00e9&nbsp;<\/li>\n\t<li>Ao\u00fbt 2022&nbsp;: BBQ de Gander Cobbs Pond \u2014 annul\u00e9 par manque de temps pour l\u2019organiser<\/li>\n\t<li>Octobre&nbsp;2022&nbsp;: Activit\u00e9 de quilles d\u2019Halloween de Gander \u2014 coordonn\u00e9e avec le sous-groupe; 16 personnes y ont particip\u00e9.<\/li>\n\t<li>Novembre&nbsp;2022&nbsp;: Activit\u00e9 de quilles de Corner Brook \u2014 12&nbsp;personnes y ont particip\u00e9&nbsp;<\/li>\n\t<li>Novembre&nbsp;2022&nbsp;: Vins et fromages du temps des F\u00eates de Gander \u2014 coordonn\u00e9 avec le sous-groupe; 20 personnes y ont particip\u00e9.&nbsp;&nbsp;<\/li>\n\t<li>D\u00e9cembre&nbsp;2022&nbsp;: Brunch du temps des F\u00eates de Corner Brook \u2014 11&nbsp;personnes y ont particip\u00e9<\/li>\n<\/ul>\n\n<p>&nbsp;<\/p>\n\n<p>Le groupe discute \u00e9galement d\u2019autres \u00e9v\u00e9nements possibles \u00e0 l\u2019avenir, ainsi que d\u2019un \u00e9ventuel souper d\u2019information en janvier 2023 pour transmettre toutes ces informations aux membres qui n\u2019ont pas pu assister \u00e0 l\u2019AGA dans un d\u00e9lai aussi court.&nbsp;&nbsp;&nbsp;&nbsp;&nbsp;&nbsp;&nbsp;&nbsp;&nbsp;<\/p>\n\n<p>&nbsp;<\/p>\n\n<p><strong>10. Rapport financier&nbsp;<\/strong><\/p>\n\n<p>Juliana Paul pr\u00e9sente le rapport financier&nbsp;2021 du Chapitre ainsi que des d\u00e9tails sur notre sant\u00e9 financi\u00e8re actuelle (2022).&nbsp; Elle pr\u00e9sente \u00e9galement la proposition de budget pour l\u2019exercice&nbsp;2023.&nbsp;&nbsp;&nbsp;<\/p>\n\n<p>MacKenzie propose l\u2019acceptation du rapport financier avec l\u2019appui de White.&nbsp; Motion adopt\u00e9e.&nbsp;&nbsp;&nbsp;<\/p>\n\n<p>&nbsp;<\/p>\n\n<p><strong>11. Affaires nouvelles<\/strong><\/p>\n\n<ul>\n\t<li>White souhaite informer tout le monde de la proc\u00e9dure simple pour obtenir un compte de messagerie \u00e9lectronique de l\u2019IPFPC pour les personnes int\u00e9ress\u00e9es.&nbsp;&nbsp;<\/li>\n\t<li>Jubainville mentionne qu\u2019il a rencontr\u00e9 un d\u00e9l\u00e9gu\u00e9 syndical \u00e0 l\u2019AGA qui vit sur la p\u00e9ninsule de Bonavista, mais qui est affili\u00e9 au chapitre de St John.&nbsp; Il veillera \u00e0 ce que ce membre soit int\u00e9gr\u00e9 \u00e0 la bonne r\u00e9gion.&nbsp;&nbsp;<\/li>\n<\/ul>\n\n<p>&nbsp;<\/p>\n\n<p><strong>12. \u00c9lections du Chapitre <\/strong>(Le lien vers le rapport sur les<strong>&nbsp;<\/strong>\u00e9lections de section est <a href=\"https:\/\/docs.google.com\/document\/d\/1ldwOkl1DP87pSS-bkzZ2FU86sw373LMw\/edit?usp=sharing&amp;ouid=112233722624748379229&amp;rtpof=true&amp;sd=true\" target=\"_blank\" rel=\"noopener\">ici<\/a>)<strong> &nbsp;<\/strong><\/p>\n\n<pre dir=\"ltr\">\n\n&nbsp;<\/pre>\n\n<p>A) <u>Pr\u00e9sidence (mandat de deux ans)<\/u><\/p>\n\n<p>Daniel MacKenzie l\u2019emporte par acclamation.<\/p>\n\n<p>B) <u>Secr\u00e9tariat (mandat de deux ans)<\/u><\/p>\n\n<p>Wanda Batten l\u2019emporte par acclamation.<\/p>\n\n<p>&nbsp;<\/p>\n\n<p><strong>13. Lev\u00e9e de la s\u00e9ance&nbsp;<\/strong><\/p>\n\n<p>MacKenzie remercie ensuite tous les participants et l\u00e8ve la s\u00e9ance.&nbsp; White appuie la motion.&nbsp; Motion adopt\u00e9e.&nbsp; La s\u00e9ance est lev\u00e9e \u00e0 20&nbsp;h&nbsp;51 HNT.&nbsp;<\/p>\n\n<p>&nbsp;<\/p>\n\n<p>&nbsp;<\/p>\n<\/div>","protected":false},"excerpt":{"rendered":"<p>Proc\u00e8s-verbal de l\u2019assembl\u00e9e g\u00e9n\u00e9rale annuelle du chapitre de Gander de l\u2019IPFPC 19&nbsp;d\u00e9cembre&nbsp;2022, sur Zoom&nbsp; &nbsp; La r\u00e9union commence \u00e0 19&nbsp;h&nbsp;05 HNE et est pr\u00e9sid\u00e9e par Daniel MacKenzie. &nbsp; 1. Appel nominal Ex\u00e9cutif du Chapitre&nbsp;:&nbsp; Daniel MacKenzie Pr\u00e9sident Juliana Paul Tr\u00e9sori\u00e8re&nbsp; Wanda Batten Secr\u00e9taire Membres du Chapitre&nbsp;:&nbsp; Daniel Huang (***avec un peu de retard) Daniel Jubainville &hellip;<\/p>\n","protected":false},"author":9,"featured_media":0,"comment_status":"open","ping_status":"open","sticky":false,"template":"","format":"standard","meta":{"_acf_changed":false,"footnotes":""},"categories":[2529],"group":[],"region":[496,476],"employer":[],"chapter":[],"class_list":["post-48429","post","type-post","status-publish","format-standard","hentry","category-nouvelles","region-atl-gander-tnl-fr","region-region-de-latlantique-fr"],"acf":[],"_links":{"self":[{"href":"https:\/\/pipsc.ca\/fr\/wp-json\/wp\/v2\/posts\/48429","targetHints":{"allow":["GET"]}}],"collection":[{"href":"https:\/\/pipsc.ca\/fr\/wp-json\/wp\/v2\/posts"}],"about":[{"href":"https:\/\/pipsc.ca\/fr\/wp-json\/wp\/v2\/types\/post"}],"author":[{"embeddable":true,"href":"https:\/\/pipsc.ca\/fr\/wp-json\/wp\/v2\/users\/9"}],"replies":[{"embeddable":true,"href":"https:\/\/pipsc.ca\/fr\/wp-json\/wp\/v2\/comments?post=48429"}],"version-history":[{"count":0,"href":"https:\/\/pipsc.ca\/fr\/wp-json\/wp\/v2\/posts\/48429\/revisions"}],"wp:attachment":[{"href":"https:\/\/pipsc.ca\/fr\/wp-json\/wp\/v2\/media?parent=48429"}],"wp:term":[{"taxonomy":"category","embeddable":true,"href":"https:\/\/pipsc.ca\/fr\/wp-json\/wp\/v2\/categories?post=48429"},{"taxonomy":"group","embeddable":true,"href":"https:\/\/pipsc.ca\/fr\/wp-json\/wp\/v2\/group?post=48429"},{"taxonomy":"region","embeddable":true,"href":"https:\/\/pipsc.ca\/fr\/wp-json\/wp\/v2\/region?post=48429"},{"taxonomy":"employer","embeddable":true,"href":"https:\/\/pipsc.ca\/fr\/wp-json\/wp\/v2\/employer?post=48429"},{"taxonomy":"chapter","embeddable":true,"href":"https:\/\/pipsc.ca\/fr\/wp-json\/wp\/v2\/chapter?post=48429"}],"curies":[{"name":"wp","href":"https:\/\/api.w.org\/{rel}","templated":true}]}}