{"id":48392,"date":"2023-07-06T00:00:00","date_gmt":"2023-07-06T00:00:00","guid":{"rendered":"https:\/\/pipsc.ca\/chapitre-de-st-johns-de-lipfpc-defile-de-la-fierte-de-st-johns\/"},"modified":"2023-07-06T00:00:00","modified_gmt":"2023-07-06T00:00:00","slug":"chapitre-de-st-johns-de-lipfpc-defile-de-la-fierte-de-st-johns","status":"publish","type":"post","link":"https:\/\/pipsc.ca\/fr\/chapitre-de-st-johns-de-lipfpc-defile-de-la-fierte-de-st-johns\/","title":{"rendered":"Chapitre de St. John\u2019s de l\u2019IPFPC &#8211;\u00a0D\u00e9fil\u00e9 de la fiert\u00e9 de St. John\u2019s"},"content":{"rendered":"<div class=\"container\">\n<h2>Chapitre de St. John\u2019s de l\u2019IPFPC<strong> &#8211;&nbsp;D\u00e9fil\u00e9 de la fiert\u00e9 de St. John\u2019s<\/strong><\/h2>\n\n<p>&nbsp;<\/p>\n\n<p><img decoding=\"async\" alt=\"ST JOHN LOGO\" data-entity-type=\"file\" data-entity-uuid=\"50788016-b06f-46b6-9e12-86e3df870420\" src=\"\/sites\/default\/files\/inline-images\/Logo_2.png\" \/><\/p>\n\n<p>L\u2019ex\u00e9cutif du chapitre de St. John\u2019s de l\u2019IPFPC invite les membres \u00e0 participer au d\u00e9fil\u00e9 de la fiert\u00e9 de St. John\u2019s.<\/p>\n\n<p><strong>DATE&nbsp;:<\/strong> Dimanche&nbsp;23&nbsp;juillet 2023&nbsp;<\/p>\n\n<p><strong>LIEU&nbsp;: <\/strong>D\u00e9part \u00e0 l\u2019h\u00f4tel de ville de St. John\u2019s et arriv\u00e9e au parc Bannerman<\/p>\n\n<p><strong>HEURE&nbsp;: <\/strong>13&nbsp;h (Rendez-vous devant le stationnement de l\u2019h\u00f4tel de ville \u00e0 12&nbsp;h&nbsp;45 et cherchez les drapeaux et les pancartes de l\u2019Institut)&nbsp;<\/p>\n\n<p><strong>D\u00c9TAILS&nbsp;: <\/strong>Des rafra\u00eechissements et des collations seront servis par l\u2019ex\u00e9cutif du Chapitre au parc Bannerman apr\u00e8s le d\u00e9fil\u00e9.&nbsp;<\/p>\n\n<p>La famille, les ami\u00b7es et les animaux de compagnie sont les bienvenus. &nbsp;<\/p>\n\n<p>&nbsp;<\/p>\n\n<p><img decoding=\"async\" src=\"https:\/\/lh6.googleusercontent.com\/xst4WsQInLF4Z9M37_zlIQaT7D4eQbfHvp6Qm8BrWsD1Nx5sZqeS_WN-1l2SIRV74o8o2kgLNblbk4MLBQdnlHHrwbG0-xP6Yt5R4GG5Wi0LGM_q7idk6dKWmA2zzrHd3cn6pqDrT2b8gUVl2uvfEA\" \/><\/p>\n\n<p>&nbsp;<\/p>\n\n<p>&nbsp;<\/p>\n<\/div>","protected":false},"excerpt":{"rendered":"<p>Chapitre de St. John\u2019s de l\u2019IPFPC &#8211;&nbsp;D\u00e9fil\u00e9 de la fiert\u00e9 de St. John\u2019s &nbsp; L\u2019ex\u00e9cutif du chapitre de St. John\u2019s de l\u2019IPFPC invite les membres \u00e0 participer au d\u00e9fil\u00e9 de la fiert\u00e9 de St. John\u2019s. DATE&nbsp;: Dimanche&nbsp;23&nbsp;juillet 2023&nbsp; LIEU&nbsp;: D\u00e9part \u00e0 l\u2019h\u00f4tel de ville de St. John\u2019s et arriv\u00e9e au parc Bannerman HEURE&nbsp;: 13&nbsp;h (Rendez-vous &hellip;<\/p>\n","protected":false},"author":9,"featured_media":0,"comment_status":"open","ping_status":"open","sticky":false,"template":"","format":"standard","meta":{"_acf_changed":false,"footnotes":""},"categories":[2529],"group":[],"region":[476,1650],"employer":[],"chapter":[],"class_list":["post-48392","post","type-post","status-publish","format-standard","hentry","category-nouvelles","region-region-de-latlantique-fr","region-atl-st-johns-tnl-fr"],"acf":[],"_links":{"self":[{"href":"https:\/\/pipsc.ca\/fr\/wp-json\/wp\/v2\/posts\/48392","targetHints":{"allow":["GET"]}}],"collection":[{"href":"https:\/\/pipsc.ca\/fr\/wp-json\/wp\/v2\/posts"}],"about":[{"href":"https:\/\/pipsc.ca\/fr\/wp-json\/wp\/v2\/types\/post"}],"author":[{"embeddable":true,"href":"https:\/\/pipsc.ca\/fr\/wp-json\/wp\/v2\/users\/9"}],"replies":[{"embeddable":true,"href":"https:\/\/pipsc.ca\/fr\/wp-json\/wp\/v2\/comments?post=48392"}],"version-history":[{"count":0,"href":"https:\/\/pipsc.ca\/fr\/wp-json\/wp\/v2\/posts\/48392\/revisions"}],"wp:attachment":[{"href":"https:\/\/pipsc.ca\/fr\/wp-json\/wp\/v2\/media?parent=48392"}],"wp:term":[{"taxonomy":"category","embeddable":true,"href":"https:\/\/pipsc.ca\/fr\/wp-json\/wp\/v2\/categories?post=48392"},{"taxonomy":"group","embeddable":true,"href":"https:\/\/pipsc.ca\/fr\/wp-json\/wp\/v2\/group?post=48392"},{"taxonomy":"region","embeddable":true,"href":"https:\/\/pipsc.ca\/fr\/wp-json\/wp\/v2\/region?post=48392"},{"taxonomy":"employer","embeddable":true,"href":"https:\/\/pipsc.ca\/fr\/wp-json\/wp\/v2\/employer?post=48392"},{"taxonomy":"chapter","embeddable":true,"href":"https:\/\/pipsc.ca\/fr\/wp-json\/wp\/v2\/chapter?post=48392"}],"curies":[{"name":"wp","href":"https:\/\/api.w.org\/{rel}","templated":true}]}}