{"id":45079,"date":"2025-07-21T00:00:00","date_gmt":"2025-07-21T00:00:00","guid":{"rendered":"https:\/\/pipsc.ca\/defile-de-la-fete-du-travail-de-la-region-de-lontario-2025\/"},"modified":"2025-07-21T00:00:00","modified_gmt":"2025-07-21T00:00:00","slug":"defile-de-la-fete-du-travail-de-la-region-de-lontario-2025","status":"publish","type":"post","link":"https:\/\/pipsc.ca\/fr\/defile-de-la-fete-du-travail-de-la-region-de-lontario-2025\/","title":{"rendered":"D\u00e9fil\u00e9 de la f\u00eate du Travail de la r\u00e9gion de l\u2019Ontario 2025"},"content":{"rendered":"<div class=\"container\">\n<h2>D\u00e9fil\u00e9 de la f\u00eate du Travail de la r\u00e9gion de l\u2019Ontario&nbsp;2025<\/h2>\n\n<p>Encore cette ann\u00e9e, nous souhaitons vous inviter \u00e0 la prochaine \u00e9dition du d\u00e9fil\u00e9 de la f\u00eate du Travail.<\/p>\n\n<p>En voici les d\u00e9tails&nbsp;:<\/p>\n\n<p>Organisateur:&nbsp;&nbsp;Le Conseil du travail de la r\u00e9gion de Toronto et York (un \u00e9l\u00e9ment&nbsp;du Congr\u00e8s du travail du Canada)<\/p>\n\n<p>Date&nbsp;:&nbsp;&nbsp; Lundi&nbsp;1&nbsp;septembre&nbsp;2025<\/p>\n\n<p>D\u00e9but du d\u00e9fil\u00e9&nbsp;: 9&nbsp;h&nbsp;30<\/p>\n\n<p>Lieu du d\u00e9part&nbsp;: &nbsp;&nbsp; Dundas et University (C\u00f4t\u00e9 est [trottoir] de l\u2019avenue University, entre la rue Armoury et la rue Dundas Ouest)<\/p>\n\n<p>D\u00e9but de l\u2019inscription&nbsp;: 8&nbsp;h&nbsp;<\/p>\n\n<p>Arriv\u00e9e \u00e0 l\u2019Exposition&nbsp;: 11&nbsp;h&nbsp;30<\/p>\n\n<p>Frais de participation&nbsp;: Gratuit<\/p>\n\n<p>Un d\u00eener sera offert aux participant\u00b7es \u00e0 l\u2019arriv\u00e9e \u00e0 l\u2019Exposition. En confirmant votre pr\u00e9sence, veuillez nous indiquer si vous avez des allergies ou des restrictions alimentaires.&nbsp;<\/p>\n\n<p>Si vous souhaitez faire du b\u00e9n\u00e9volat durant cet \u00e9v\u00e9nement, n\u2019h\u00e9sitez pas \u00e0 nous en informer.&nbsp; Nous avons besoin d\u2019aide pour certains postes.&nbsp;<\/p>\n\n<p>Pour r\u00e9server vos billets, confirmez votre pr\u00e9sence aupr\u00e8s de l\u2019une des personnes ci-dessous avant le mercredi&nbsp;20&nbsp;ao\u00fbt 2025.&nbsp;<\/p>\n\n<p>Sabrina Labb\u00e9 (<a href=\"mailto:s.labbe@hotmail.com\">s.labbe@hotmail.com<\/a>)<\/p>\n\n<p>Harry Timla (<a href=\"mailto:htimla@pipsc.ca\">htimla@pipsc.ca<\/a>)<\/p>\n\n<p>En toute solidarit\u00e9,<\/p>\n\n<p>L\u2019ex\u00e9cutif r\u00e9gional de l\u2019Ontario&nbsp;<\/p>\n\n<p>&nbsp;<\/p>\n<\/div>","protected":false},"excerpt":{"rendered":"<p>D\u00e9fil\u00e9 de la f\u00eate du Travail de la r\u00e9gion de l\u2019Ontario&nbsp;2025 Encore cette ann\u00e9e, nous souhaitons vous inviter \u00e0 la prochaine \u00e9dition du d\u00e9fil\u00e9 de la f\u00eate du Travail. En voici les d\u00e9tails&nbsp;: Organisateur:&nbsp;&nbsp;Le Conseil du travail de la r\u00e9gion de Toronto et York (un \u00e9l\u00e9ment&nbsp;du Congr\u00e8s du travail du Canada) Date&nbsp;:&nbsp;&nbsp; Lundi&nbsp;1&nbsp;septembre&nbsp;2025 D\u00e9but du &hellip;<\/p>\n","protected":false},"author":9,"featured_media":0,"comment_status":"open","ping_status":"open","sticky":false,"template":"","format":"standard","meta":{"_acf_changed":false,"footnotes":""},"categories":[2529],"group":[],"region":[517],"employer":[],"chapter":[],"class_list":["post-45079","post","type-post","status-publish","format-standard","hentry","category-nouvelles","region-region-de-lontario-et-nunavut-fr"],"acf":[],"_links":{"self":[{"href":"https:\/\/pipsc.ca\/fr\/wp-json\/wp\/v2\/posts\/45079","targetHints":{"allow":["GET"]}}],"collection":[{"href":"https:\/\/pipsc.ca\/fr\/wp-json\/wp\/v2\/posts"}],"about":[{"href":"https:\/\/pipsc.ca\/fr\/wp-json\/wp\/v2\/types\/post"}],"author":[{"embeddable":true,"href":"https:\/\/pipsc.ca\/fr\/wp-json\/wp\/v2\/users\/9"}],"replies":[{"embeddable":true,"href":"https:\/\/pipsc.ca\/fr\/wp-json\/wp\/v2\/comments?post=45079"}],"version-history":[{"count":0,"href":"https:\/\/pipsc.ca\/fr\/wp-json\/wp\/v2\/posts\/45079\/revisions"}],"wp:attachment":[{"href":"https:\/\/pipsc.ca\/fr\/wp-json\/wp\/v2\/media?parent=45079"}],"wp:term":[{"taxonomy":"category","embeddable":true,"href":"https:\/\/pipsc.ca\/fr\/wp-json\/wp\/v2\/categories?post=45079"},{"taxonomy":"group","embeddable":true,"href":"https:\/\/pipsc.ca\/fr\/wp-json\/wp\/v2\/group?post=45079"},{"taxonomy":"region","embeddable":true,"href":"https:\/\/pipsc.ca\/fr\/wp-json\/wp\/v2\/region?post=45079"},{"taxonomy":"employer","embeddable":true,"href":"https:\/\/pipsc.ca\/fr\/wp-json\/wp\/v2\/employer?post=45079"},{"taxonomy":"chapter","embeddable":true,"href":"https:\/\/pipsc.ca\/fr\/wp-json\/wp\/v2\/chapter?post=45079"}],"curies":[{"name":"wp","href":"https:\/\/api.w.org\/{rel}","templated":true}]}}