{"id":44806,"date":"2021-09-17T00:00:00","date_gmt":"2021-09-17T00:00:00","guid":{"rendered":"https:\/\/pipsc.ca\/prix-du-delegue-syndical-de-lannee-de-la-region-du-quebec-proposez-la-candidature-dune-personne-deleguee-syndicale-aujourdhui\/"},"modified":"2021-09-17T00:00:00","modified_gmt":"2021-09-17T00:00:00","slug":"prix-du-delegue-syndical-de-lannee-de-la-region-du-quebec-proposez-la-candidature-dune-personne-deleguee-syndicale-aujourdhui","status":"publish","type":"post","link":"https:\/\/pipsc.ca\/fr\/prix-du-delegue-syndical-de-lannee-de-la-region-du-quebec-proposez-la-candidature-dune-personne-deleguee-syndicale-aujourdhui\/","title":{"rendered":"Prix du d\u00e9l\u00e9gu\u00e9 syndical de l&#8217;ann\u00e9e de la R\u00e9gion du Qu\u00e9bec &#8211; Proposez la candidature d&#8217;une personne d\u00e9l\u00e9gu\u00e9e syndicale aujourd&#8217;hui"},"content":{"rendered":"<div class=\"container\">\n<p>Pour proposer quelqu&#8217;un \u00e0 ce prix, remplissez le formulaire ci-dessous au plus tard le 15 octobre 2021.<\/p>\n\n<p>Le Prix du d\u00e9l\u00e9gu\u00e9 syndical de l&#8217;ann\u00e9e (prix Jacques-Caron) vise \u00e0 honorer une personne d\u00e9l\u00e9gu\u00e9e syndicale de la R\u00e9gion du Qu\u00e9bec qui s&#8217;est surpass\u00e9e pour am\u00e9liorer nos lieux de travail. Les d\u00e9l\u00e9gu\u00e9es et les d\u00e9l\u00e9gu\u00e9s syndicaux qui ont au moins deux ans d&#8217;exp\u00e9rience ou plus peuvent \u00eatre mis en candidature.<\/p>\n\n<p>Vous devez vous d\u00e9connecter du RPV du gouvernement et utiliser un appareil personnel pour t\u00e9l\u00e9charger ce formulaire.<\/p>\n\n<!-- www.123formbuilder.com script begins here --><iframe allowTransparency=\"true\" style=\"min-height:300px; height:inherit; overflow:auto;\" width=\"100%\" id=\"contactform123\" name=\"contactform123\" marginwidth=\"0\" marginheight=\"0\" frameborder=\"0\" src=\"https:\/\/www.123formbuilder.com\/my-contact-form-5997002.html\"><p>Your browser does not support iframes. The contact form cannot be displayed. Please use another contact method (phone, fax etc)<\/p><\/iframe><!-- www.123formbuilder.com script ends here \u2192\n<\/div>","protected":false},"excerpt":{"rendered":"<p>Pour proposer quelqu&#8217;un \u00e0 ce prix, remplissez le formulaire ci-dessous au plus tard le 15 octobre 2021. Le Prix du d\u00e9l\u00e9gu\u00e9 syndical de l&#8217;ann\u00e9e (prix Jacques-Caron) vise \u00e0 honorer une personne d\u00e9l\u00e9gu\u00e9e syndicale de la R\u00e9gion du Qu\u00e9bec qui s&#8217;est surpass\u00e9e pour am\u00e9liorer nos lieux de travail. Les d\u00e9l\u00e9gu\u00e9es et les d\u00e9l\u00e9gu\u00e9s syndicaux qui ont &hellip;<\/p>\n","protected":false},"author":9,"featured_media":0,"comment_status":"open","ping_status":"open","sticky":false,"template":"","format":"standard","meta":{"_acf_changed":false,"footnotes":""},"categories":[2529],"group":[],"region":[460],"employer":[],"chapter":[],"class_list":["post-44806","post","type-post","status-publish","format-standard","hentry","category-nouvelles","region-region-du-quebec-fr"],"acf":[],"_links":{"self":[{"href":"https:\/\/pipsc.ca\/fr\/wp-json\/wp\/v2\/posts\/44806","targetHints":{"allow":["GET"]}}],"collection":[{"href":"https:\/\/pipsc.ca\/fr\/wp-json\/wp\/v2\/posts"}],"about":[{"href":"https:\/\/pipsc.ca\/fr\/wp-json\/wp\/v2\/types\/post"}],"author":[{"embeddable":true,"href":"https:\/\/pipsc.ca\/fr\/wp-json\/wp\/v2\/users\/9"}],"replies":[{"embeddable":true,"href":"https:\/\/pipsc.ca\/fr\/wp-json\/wp\/v2\/comments?post=44806"}],"version-history":[{"count":0,"href":"https:\/\/pipsc.ca\/fr\/wp-json\/wp\/v2\/posts\/44806\/revisions"}],"wp:attachment":[{"href":"https:\/\/pipsc.ca\/fr\/wp-json\/wp\/v2\/media?parent=44806"}],"wp:term":[{"taxonomy":"category","embeddable":true,"href":"https:\/\/pipsc.ca\/fr\/wp-json\/wp\/v2\/categories?post=44806"},{"taxonomy":"group","embeddable":true,"href":"https:\/\/pipsc.ca\/fr\/wp-json\/wp\/v2\/group?post=44806"},{"taxonomy":"region","embeddable":true,"href":"https:\/\/pipsc.ca\/fr\/wp-json\/wp\/v2\/region?post=44806"},{"taxonomy":"employer","embeddable":true,"href":"https:\/\/pipsc.ca\/fr\/wp-json\/wp\/v2\/employer?post=44806"},{"taxonomy":"chapter","embeddable":true,"href":"https:\/\/pipsc.ca\/fr\/wp-json\/wp\/v2\/chapter?post=44806"}],"curies":[{"name":"wp","href":"https:\/\/api.w.org\/{rel}","templated":true}]}}