{"id":44577,"date":"2018-12-19T00:00:00","date_gmt":"2018-12-19T00:00:00","guid":{"rendered":"https:\/\/pipsc.ca\/formation-de-base-des-delegues-syndicaux-fevrier-2019\/"},"modified":"2018-12-19T00:00:00","modified_gmt":"2018-12-19T00:00:00","slug":"formation-de-base-des-delegues-syndicaux-fevrier-2019","status":"publish","type":"post","link":"https:\/\/pipsc.ca\/fr\/formation-de-base-des-delegues-syndicaux-fevrier-2019\/","title":{"rendered":"Formation de base des d\u00e9l\u00e9gu\u00e9s syndicaux &#8211; Fevrier  2019"},"content":{"rendered":"<div class=\"container\">\n<p class=\"text-align-center\"><strong>FORMATION DE BASE DES D\u00c9L\u00c9GU\u00c9S SYNDICAUX<br \/>\nR\u00c9GION DE L\u2019ONTARIO<br \/>\nDU 7 F\u00c9VRIER AU 9 F\u00c9VRIER 2019<\/strong><\/p>\n\n<p>Lieu : The Grand Hotel and Suites, 225, rue Jarvis, Toronto<\/p>\n\n<p>Nombre de participants : <em>Pas plus de <\/em>20<\/p>\n\n<hr \/>\n<p>La formation de base des d\u00e9l\u00e9gu\u00e9s syndicaux de la R\u00e9gion de l\u2019Ontario aura lieu du <strong>jeudi 7 f\u00e9vrier, \u00e0 compter de midi, au samedi 9 f\u00e9vrier 2019<\/strong> au Grand Hotel and Suites de Toronto.<\/p>\n\n<p>Si vous n\u2019\u00eates pas d\u00e9j\u00e0 d\u00e9l\u00e9gu\u00e9 syndical, cliquez sur le lien ci-dessous et remplissez le formulaire. Une fois que votre statut de \u00ab\u2009d\u00e9l\u00e9gu\u00e9 syndical en attente\u2009\u00bb aura \u00e9t\u00e9 approuv\u00e9, vous serez autoris\u00e9 \u00e0 suivre la formation.<\/p>\n\n<p><strong><a href=\"https:\/\/www.pipsc.ca\/fr\/relations-de-travail\/delegues-syndicaux\/formulaires\/demande\">https:\/\/www.pipsc.ca\/fr\/relations-de-travail\/delegues-syndicaux\/formulaires\/demande<\/a><\/strong><\/p>\n\n<p><strong>\u00c0 l\u2019issue de la formation, vous aurez : <\/strong><\/p>\n\n<ul>\n\t<li>r\u00e9fl\u00e9chi \u00e0 la raison d\u2019\u00eatre des syndicats en milieu de travail et dans l\u2019ensemble de la soci\u00e9t\u00e9 canadienne et aux raisons pour lesquelles ils ont d\u00e9cid\u00e9 de s\u2019impliquer activement dans leur syndicat;<\/li>\n\t<li>acquis une meilleure compr\u00e9hension du r\u00f4le de d\u00e9l\u00e9gu\u00e9 syndical;<\/li>\n\t<li>mieux compris la structure et le fonctionnement interne de l\u2019Institut;<\/li>\n\t<li>acquis une vue g\u00e9n\u00e9rale des ressources disponibles pour trouver une solution aux probl\u00e8mes des membres que les d\u00e9l\u00e9gu\u00e9s repr\u00e9sentent;<\/li>\n\t<li>d\u00e9termin\u00e9 des strat\u00e9gies et approches permettant de renforcer la pr\u00e9sence du syndicat dans leur milieu de travail.<\/li>\n<\/ul>\n\n<p>Inscrivez-vous en remplissant le <a href=\"http:\/\/www.pipsc.ca\/portal\/page\/portal\/website\/regions\/ontario\/stew_training\">formulaire d\u2019inscription<\/a>.<\/p>\n\n<p><strong>Les demandes d\u2019inscription ne seront accept\u00e9es ni par t\u00e9l\u00e9phone ni par courriel.<\/strong><\/p>\n\n<p><strong>La p\u00e9riode d\u2019inscription prend fin le vendredi 4 janvier 2019.<\/strong><\/p>\n\n<h2>Horaire du cours :<\/h2>\n\n<h3>Formation en ligne<\/h3>\n\n<p>La formation de base est maintenant constitu\u00e9e de deux volets d\u2019importance \u00e9gale : un module en ligne et un cours \u00e0 l\u2019interne. <strong>Vous aurez un mois pour terminer le module en ligne avant de suivre la formation de base pr\u00e9vue; il s\u2019intitule Introduction \u00e0 l\u2019Institut et au mouvement syndical. <\/strong>Une fois que votre demande aura \u00e9t\u00e9 approuv\u00e9e, nous vous cr\u00e9erons un compte en ligne puis nous communiquerons avec vous par courriel pour vous donner les directives d\u2019acc\u00e8s au module.<\/p>\n\n<h3>Formation en personne<\/h3>\n\n<h4>Jeudi 7 f\u00e9vrier 2019<\/h4>\n\n<ul>\n\t<li>De 12 h 30 \u00e0 13 h Inscription (salle Elizabeth)<\/li>\n\t<li>De 13 h \u00e0 17 h Formation (salle Mt. Pleasant)<\/li>\n<\/ul>\n\n<h4>Vendredi 8 f\u00e9vrier 2019<\/h4>\n\n<ul>\n\t<li>De 9 h \u00e0 17 h Formation (salle Mt. Pleasant)<\/li>\n\t<li>De 17 h \u00e0 20 h Suite de r\u00e9ception (\u00e0 d\u00e9terminer)<\/li>\n<\/ul>\n\n<h4>Samedi 9 f\u00e9vrier 2019<\/h4>\n\n<ul>\n\t<li>De 9 h \u00e0 17 h Formation (salle Mt. Pleasant)<\/li>\n<\/ul>\n\n<p>Assurez-vous de pouvoir assister \u00e0 la totalit\u00e9 de la formation avant de vous inscrire. Votre pr\u00e9sence \u00e0 la suite de r\u00e9ception n\u2019est pas obligatoire.<\/p>\n\n<h2>H\u00e9bergement<\/h2>\n\n<p><strong>VOTRE CHAMBRE D\u2019H\u00d4TEL NE PEUT \u00caTRE GARANTIE SI NOUS NE RECEVONS PAS VOTRE FORMULAIRE D\u2019INSCRIPTION EN LIGNE AU PLUS TARD LE VENDREDI 4 JANVIER 2019.<\/strong><\/p>\n\n<h3>H\u00c9BERGEMENT ET LIEU DE LA FORMATION<\/h3>\n\n<p>Vous devrez pr\u00e9senter votre carte de cr\u00e9dit \u00e0 votre arriv\u00e9e \u00e0 la r\u00e9ception de l\u2019h\u00f4tel pour valider votre r\u00e9servation. L\u2019h\u00f4tel pourra ainsi vous facturer tous les frais accessoires li\u00e9s \u00e0 l\u2019utilisation de votre chambre, le cas \u00e9ch\u00e9ant. L\u2019heure d\u2019arriv\u00e9e est fix\u00e9e \u00e0 <strong>16 h<\/strong> et l\u2019heure de d\u00e9part, \u00e0 midi. Le personnel de l\u2019h\u00f4tel fera de son mieux pour que vous ayez acc\u00e8s \u00e0 votre chambre d\u00e8s votre arriv\u00e9e, mais il se peut que vous deviez attendre jusqu\u2019\u00e0 16 h.<\/p>\n\n<p>Un d\u00e9part tardif est autoris\u00e9 sur demande et seulement si c\u2019est possible. Il faut prendre des arrangements d\u2019avance avec la r\u00e9ception de l\u2019h\u00f4tel. L\u2019Institut n\u2019assume pas les frais additionnels factur\u00e9s en raison d\u2019un d\u00e9part tardif. Vous recevrez une lettre confirmant votre inscription et vous donnant plus de renseignements sur cette formation.<\/p>\n\n<h3>Annulation<\/h3>\n\n<p>En cas d\u2019annulation, vous <strong>DEVEZ<\/strong> m\u2019en informer. <strong>Si vous ne le pouvez pas, et ce au moins 24 heures avant l\u2019activit\u00e9, VOUS serez responsable de l\u2019annulation et vous pourriez devoir payer vous-m\u00eame les frais d\u2019h\u00f4tel. <\/strong><\/p>\n\n<p><strong>En cas d\u2019emp\u00eachement le jeudi 7 f\u00e9vrier 2019, veuillez t\u00e9l\u00e9phoner \u00e0 l\u2019h\u00f4tel directement pour annuler votre r\u00e9servation et me laisser un message. Ne laissez pas de message au bureau r\u00e9gional les jours o\u00f9 la formation aura lieu, car le personnel sera probablement incapable de les prendre. Si vous ne respectez pas la pr\u00e9sente directive, vous risquez de devoir payer les frais d\u2019h\u00e9bergement et de repas vous-m\u00eame. <\/strong><\/p>\n\n<h3>REPAS<\/h3>\n\n<p>Le jeudi 7 f\u00e9vrier, le d\u00eener ne sera <strong>PAS<\/strong> offert aux d\u00e9l\u00e9gu\u00e9s syndicaux en formation; par cons\u00e9quent, les membres devront r\u00e9clamer une indemnit\u00e9 journali\u00e8re.<\/p>\n\n<p>Les vendredi et samedi 8 et 9 f\u00e9vrier, un d\u00e9jeuner buffet chaud et froid sera offert sans frais aux d\u00e9l\u00e9gu\u00e9s en formation ainsi qu\u2019\u00e0 leurs invit\u00e9s. Les m\u00eames journ\u00e9es, le d\u00eener sera offert sans frais aux d\u00e9l\u00e9gu\u00e9s en formation seulement.<\/p>\n\n<p>Le dimanche 10 f\u00e9vrier, un d\u00e9jeuner buffet chaud et froid compris dans le s\u00e9jour sera offert aux d\u00e9l\u00e9gu\u00e9s en formation ainsi qu\u2019\u00e0 leurs invit\u00e9s qui dorment \u00e0 l\u2019h\u00f4tel samedi soir, \u00e0 la condition que soit respect\u00e9e la Politique sur les voyages de l\u2019IPFPC.<\/p>\n\n<p>Aucun autre repas ne sera offert par l\u2019Institut. Les dispositions de la Politique de l\u2019Institut sur les voyages sont applicables.<\/p>\n\n<p>Les participants sont invit\u00e9s \u00e0 consulter la <a href=\"https:\/\/www.pipsc.ca\/fr\/a-propos\/gouvernance\/politiques\/voyages\">Politique de l\u2019Institut sur les voyages<\/a>.<\/p>\n\n<p><strong>Ne rapportez pas de nourriture du lieu de l\u2019activit\u00e9 lors des d\u00eeners ou des pauses. Cette nourriture est destin\u00e9e exclusivement aux participants et aux conf\u00e9renciers.<\/strong><\/p>\n\n<p>Vous devez mentionner dans votre formulaire d\u2019inscription si vous avez une allergie ou des besoins alimentaires particuliers pour que nous puissions en informer l\u2019h\u00f4tel.<\/p>\n\n<h3>STATIONNEMENT<\/h3>\n\n<p>Un espace de stationnement libre-service sera port\u00e9 au compte principal de l\u2019IPFPC pour un v\u00e9hicule dans le stationnement de surface ou souterrain. Veuillez donner votre num\u00e9ro de plaque d\u2019immatriculation \u00e0 la r\u00e9ception d\u00e8s votre arriv\u00e9e.<\/p>\n\n<h3>CONG\u00c9 COMPENSATOIRE<\/h3>\n\n<p>La politique de l\u2019Institut permet d\u2019indemniser les membres qui doivent prendre un cong\u00e9 annuel, un cong\u00e9 compensatoire ou un cong\u00e9 pour activit\u00e9 syndicale non pay\u00e9 pour assister \u00e0 la formation des d\u00e9l\u00e9gu\u00e9s syndicaux. Les participants doivent remplir le formulaire de demande de salaire compensatoire de l\u2019Institut et y joindre une copie de la demande de cong\u00e9 d\u00fbment remplie confirmant que le cong\u00e9 a \u00e9t\u00e9 approuv\u00e9 par l\u2019employeur.<\/p>\n\n<p>Le remboursement du salaire se limitera aux heures de formation pr\u00e9vues le jeudi et le vendredi, en plus d\u2019un temps de d\u00e9placement raisonnable.<\/p>\n\n<p>Le temps de d\u00e9placement raisonnable se d\u00e9finit comme le temps n\u00e9cessaire pour vous rendre de votre domicile ou de votre bureau au lieu de la formation par le chemin le plus direct, sans arr\u00eat, avec l\u2019intention d\u2019arriver \u00e0 la s\u00e9ance au plus tard \u00e0 13 h<\/p>\n\n<p><strong>Notez bien que les d\u00e9l\u00e9gu\u00e9s syndicaux qui ont de l\u2019exp\u00e9rience, mais qui veulent rafra\u00eechir leurs connaissances apr\u00e8s trois ans, seront les bienvenus, mais la priorit\u00e9 sera donn\u00e9e aux nouveaux d\u00e9l\u00e9gu\u00e9s qui n\u2019ont pas encore re\u00e7u de formation.<\/strong><\/p>\n\n<p>Si vous avez des questions, n\u2019h\u00e9sitez pas \u00e0 communiquer avec moi par courriel (<a href=\"mailto:hkohli@pipsc.ca\">hkohli@pipsc.ca<\/a>) ou par t\u00e9l\u00e9phone au 416-487-1114 ou au 1-800-668-3943 (sans frais), poste 7727.<\/p>\n\n<p>En toute solidarit\u00e9,<\/p>\n\n<p>Heather Kohli, administratrice de bureau<\/p>\n<\/div>","protected":false},"excerpt":{"rendered":"<p>FORMATION DE BASE DES D\u00c9L\u00c9GU\u00c9S SYNDICAUX R\u00c9GION DE L\u2019ONTARIO DU 7 F\u00c9VRIER AU 9 F\u00c9VRIER 2019 Lieu : The Grand Hotel and Suites, 225, rue Jarvis, Toronto Nombre de participants : Pas plus de 20 La formation de base des d\u00e9l\u00e9gu\u00e9s syndicaux de la R\u00e9gion de l\u2019Ontario aura lieu du jeudi 7 f\u00e9vrier, \u00e0 compter &hellip;<\/p>\n","protected":false},"author":9,"featured_media":0,"comment_status":"open","ping_status":"open","sticky":false,"template":"","format":"standard","meta":{"_acf_changed":false,"footnotes":""},"categories":[2529],"group":[],"region":[517],"employer":[],"chapter":[],"class_list":["post-44577","post","type-post","status-publish","format-standard","hentry","category-nouvelles","region-region-de-lontario-et-nunavut-fr"],"acf":[],"_links":{"self":[{"href":"https:\/\/pipsc.ca\/fr\/wp-json\/wp\/v2\/posts\/44577","targetHints":{"allow":["GET"]}}],"collection":[{"href":"https:\/\/pipsc.ca\/fr\/wp-json\/wp\/v2\/posts"}],"about":[{"href":"https:\/\/pipsc.ca\/fr\/wp-json\/wp\/v2\/types\/post"}],"author":[{"embeddable":true,"href":"https:\/\/pipsc.ca\/fr\/wp-json\/wp\/v2\/users\/9"}],"replies":[{"embeddable":true,"href":"https:\/\/pipsc.ca\/fr\/wp-json\/wp\/v2\/comments?post=44577"}],"version-history":[{"count":0,"href":"https:\/\/pipsc.ca\/fr\/wp-json\/wp\/v2\/posts\/44577\/revisions"}],"wp:attachment":[{"href":"https:\/\/pipsc.ca\/fr\/wp-json\/wp\/v2\/media?parent=44577"}],"wp:term":[{"taxonomy":"category","embeddable":true,"href":"https:\/\/pipsc.ca\/fr\/wp-json\/wp\/v2\/categories?post=44577"},{"taxonomy":"group","embeddable":true,"href":"https:\/\/pipsc.ca\/fr\/wp-json\/wp\/v2\/group?post=44577"},{"taxonomy":"region","embeddable":true,"href":"https:\/\/pipsc.ca\/fr\/wp-json\/wp\/v2\/region?post=44577"},{"taxonomy":"employer","embeddable":true,"href":"https:\/\/pipsc.ca\/fr\/wp-json\/wp\/v2\/employer?post=44577"},{"taxonomy":"chapter","embeddable":true,"href":"https:\/\/pipsc.ca\/fr\/wp-json\/wp\/v2\/chapter?post=44577"}],"curies":[{"name":"wp","href":"https:\/\/api.w.org\/{rel}","templated":true}]}}